{"id":1196,"date":"2018-09-27T17:07:00","date_gmt":"2018-09-27T20:07:00","guid":{"rendered":"http:\/\/blogdoedvaldomagalhaes.com.br\/index.php\/2018\/09\/27\/comunidade-da-vila-do-rangel-esta\/"},"modified":"2019-02-09T02:32:43","modified_gmt":"2019-02-09T04:32:43","slug":"comunidade-da-vila-do-rangel-esta","status":"publish","type":"post","link":"https:\/\/blogdoedvaldomagalhaes.com.br\/index.php\/2018\/09\/27\/comunidade-da-vila-do-rangel-esta\/","title":{"rendered":"Comunidade da Vila do Rangel est\u00e1 celebrando a Festa de S\u00e3o Vicente de Paulo"},"content":{"rendered":"<div class=\"separator\" style=\"clear: both; text-align: center;\">\n<a href=\"https:\/\/1.bp.blogspot.com\/-IeA8CGEEnLY\/W60OKOUQQII\/AAAAAAAA6v8\/ckFbHhZnsnkjp5lNoy-HUo7FCGhkcSByQCLcBGAs\/s1600\/festa.jpeg\" imageanchor=\"1\" style=\"margin-left: 1em; margin-right: 1em;\"><img loading=\"lazy\" decoding=\"async\" border=\"0\" data-original-height=\"1280\" data-original-width=\"933\" height=\"640\" src=\"http:\/\/blogdoedvaldomagalhaes.com.br\/wp-content\/uploads\/2018\/09\/festa.jpeg\" width=\"466\" \/><\/a><\/div>\n<div style=\"text-align: justify;\">\n<\/div>\n<div style=\"text-align: justify;\">\nA Prefeitura de Riacho das Almas em parceria com a comunidade cat\u00f3lica da Vila do Rangel est\u00e1 realizando mais uma Festa de S\u00e3o Vicente de Paulo, padroeiro da comunidade. O encerramento da festa ser\u00e1 no pr\u00f3ximo s\u00e1bado (29).<\/div>\n<div style=\"text-align: justify;\">\n<\/div>\n<div style=\"text-align: justify;\">\nOs shows come\u00e7am a partir das 21h. A primeira atra\u00e7\u00e3o a se apresentar \u00e9 a Banda Paix\u00e3o Nordestina, que trar\u00e1 muito forr\u00f3 para a comunidade. Em seguida, sobe ao palco montado na pra\u00e7a da vila Rouxinol e Forr\u00f3 Estilizado.<\/div>\n<div style=\"text-align: justify;\">\n<\/div>\n<div style=\"text-align: justify;\">\n<b>Programa\u00e7\u00e3o Religiosa \u2013<\/b> Dentro comemora\u00e7\u00f5es religiosas em homenagem ao padroeiro, est\u00e3o programadas a recita\u00e7\u00e3o de of\u00edcios, celebra\u00e7\u00f5es eucar\u00edsticas e no encerramento da festa, ser\u00e1 realizada tamb\u00e9m uma prociss\u00e3o percorrendo as principais ruas da comunidade.&nbsp; Neste ano, a festa tem como tema \u201cA caridade, o zelo e o compromisso proporcionam os vicentinos a se formar uma grande fam\u00edlia em Jesus Cristo\u201d.&nbsp;<\/p>\n<\/div>\n","protected":false},"excerpt":{"rendered":"<p>A Prefeitura de Riacho das Almas em parceria com a comunidade cat\u00f3lica da Vila do Rangel est\u00e1 realizando mais uma&hellip;<\/p>\n","protected":false},"author":1,"featured_media":0,"comment_status":"open","ping_status":"open","sticky":false,"template":"","format":"standard","meta":{"footnotes":""},"categories":[1],"tags":[2,1155,6],"class_list":["post-1196","post","type-post","status-publish","format-standard","hentry","category-sem-categoria","tag-blog-do-edvaldo-magalhaes","tag-comunidade-da-vila-do-rangel-esta-celebrando-a-festa-de-sao-vicente-de-paulo","tag-noticias"],"_links":{"self":[{"href":"https:\/\/blogdoedvaldomagalhaes.com.br\/index.php\/wp-json\/wp\/v2\/posts\/1196","targetHints":{"allow":["GET"]}}],"collection":[{"href":"https:\/\/blogdoedvaldomagalhaes.com.br\/index.php\/wp-json\/wp\/v2\/posts"}],"about":[{"href":"https:\/\/blogdoedvaldomagalhaes.com.br\/index.php\/wp-json\/wp\/v2\/types\/post"}],"author":[{"embeddable":true,"href":"https:\/\/blogdoedvaldomagalhaes.com.br\/index.php\/wp-json\/wp\/v2\/users\/1"}],"replies":[{"embeddable":true,"href":"https:\/\/blogdoedvaldomagalhaes.com.br\/index.php\/wp-json\/wp\/v2\/comments?post=1196"}],"version-history":[{"count":1,"href":"https:\/\/blogdoedvaldomagalhaes.com.br\/index.php\/wp-json\/wp\/v2\/posts\/1196\/revisions"}],"predecessor-version":[{"id":34411,"href":"https:\/\/blogdoedvaldomagalhaes.com.br\/index.php\/wp-json\/wp\/v2\/posts\/1196\/revisions\/34411"}],"wp:attachment":[{"href":"https:\/\/blogdoedvaldomagalhaes.com.br\/index.php\/wp-json\/wp\/v2\/media?parent=1196"}],"wp:term":[{"taxonomy":"category","embeddable":true,"href":"https:\/\/blogdoedvaldomagalhaes.com.br\/index.php\/wp-json\/wp\/v2\/categories?post=1196"},{"taxonomy":"post_tag","embeddable":true,"href":"https:\/\/blogdoedvaldomagalhaes.com.br\/index.php\/wp-json\/wp\/v2\/tags?post=1196"}],"curies":[{"name":"wp","href":"https:\/\/api.w.org\/{rel}","templated":true}]}}