{"id":1195,"date":"2018-09-27T17:09:00","date_gmt":"2018-09-27T20:09:00","guid":{"rendered":"http:\/\/blogdoedvaldomagalhaes.com.br\/index.php\/2018\/09\/27\/tony-gel-promete-continuar-defendendo\/"},"modified":"2019-02-09T02:32:43","modified_gmt":"2019-02-09T04:32:43","slug":"tony-gel-promete-continuar-defendendo","status":"publish","type":"post","link":"https:\/\/blogdoedvaldomagalhaes.com.br\/index.php\/2018\/09\/27\/tony-gel-promete-continuar-defendendo\/","title":{"rendered":"Tony Gel promete continuar defendendo mais seguran\u00e7a para Caruaru"},"content":{"rendered":"<div class=\"separator\" style=\"clear: both; text-align: center;\">\n<a href=\"https:\/\/4.bp.blogspot.com\/-F_bq-HpoeQM\/W60OrrxmDUI\/AAAAAAAA6wE\/tMBhr-vzU8Qhs4nIziTNLAEvlxRa2t3fQCLcBGAs\/s1600\/tony.jpg\" imageanchor=\"1\" style=\"margin-left: 1em; margin-right: 1em;\"><img loading=\"lazy\" decoding=\"async\" border=\"0\" data-original-height=\"853\" data-original-width=\"1280\" height=\"426\" src=\"http:\/\/blogdoedvaldomagalhaes.com.br\/wp-content\/uploads\/2018\/09\/tony.jpg\" width=\"640\" \/><\/a><\/div>\n<div style=\"text-align: justify;\">\n<\/div>\n<div style=\"text-align: justify;\">\nNa noite dessa quarta-feira (26), o deputado estadual e candidato \u00e0 reelei\u00e7\u00e3o, Tony Gel (MDB), fez campanha nos bairros Sol Poente, Kennedy e Loteamento Hosana, em Caruaru. A ocasi\u00e3o contou com a inaugura\u00e7\u00e3o de um comit\u00ea popular, coordenado pela lideran\u00e7a pol\u00edtica \u201cTonho Gatinha\u201d, localizado na Av. Santo Amaro, no bairro Kennedy.<\/div>\n<div style=\"text-align: justify;\">\n<\/div>\n<div style=\"text-align: justify;\">\nEm discurso, Tony Gel firmou compromisso com a popula\u00e7\u00e3o de continuar lutando na Assembleia Legislativa em prol da seguran\u00e7a da regi\u00e3o. \u201cVou trabalhar para que o 4\u00ba Batalh\u00e3o seja exclusivo de Caruaru, essas s\u00e3o algumas das batalhas que temos que travar neste pr\u00f3ximo mandato, \u00e9 uma luta permanente porque o povo n\u00e3o pode viver com medo, o povo tem que viver com seguran\u00e7a e tranquilidade\u201d, destacou.<\/div>\n<div style=\"text-align: justify;\">\n<\/div>\n","protected":false},"excerpt":{"rendered":"<p>Na noite dessa quarta-feira (26), o deputado estadual e candidato \u00e0 reelei\u00e7\u00e3o, Tony Gel (MDB), fez campanha nos bairros Sol&hellip;<\/p>\n","protected":false},"author":1,"featured_media":0,"comment_status":"open","ping_status":"open","sticky":false,"template":"","format":"standard","meta":{"footnotes":""},"categories":[1],"tags":[2,20,1154],"class_list":["post-1195","post","type-post","status-publish","format-standard","hentry","category-sem-categoria","tag-blog-do-edvaldo-magalhaes","tag-politica","tag-tony-gel-promete-continuar-defendendo-mais-seguranca-para-caruaru"],"_links":{"self":[{"href":"https:\/\/blogdoedvaldomagalhaes.com.br\/index.php\/wp-json\/wp\/v2\/posts\/1195","targetHints":{"allow":["GET"]}}],"collection":[{"href":"https:\/\/blogdoedvaldomagalhaes.com.br\/index.php\/wp-json\/wp\/v2\/posts"}],"about":[{"href":"https:\/\/blogdoedvaldomagalhaes.com.br\/index.php\/wp-json\/wp\/v2\/types\/post"}],"author":[{"embeddable":true,"href":"https:\/\/blogdoedvaldomagalhaes.com.br\/index.php\/wp-json\/wp\/v2\/users\/1"}],"replies":[{"embeddable":true,"href":"https:\/\/blogdoedvaldomagalhaes.com.br\/index.php\/wp-json\/wp\/v2\/comments?post=1195"}],"version-history":[{"count":1,"href":"https:\/\/blogdoedvaldomagalhaes.com.br\/index.php\/wp-json\/wp\/v2\/posts\/1195\/revisions"}],"predecessor-version":[{"id":34413,"href":"https:\/\/blogdoedvaldomagalhaes.com.br\/index.php\/wp-json\/wp\/v2\/posts\/1195\/revisions\/34413"}],"wp:attachment":[{"href":"https:\/\/blogdoedvaldomagalhaes.com.br\/index.php\/wp-json\/wp\/v2\/media?parent=1195"}],"wp:term":[{"taxonomy":"category","embeddable":true,"href":"https:\/\/blogdoedvaldomagalhaes.com.br\/index.php\/wp-json\/wp\/v2\/categories?post=1195"},{"taxonomy":"post_tag","embeddable":true,"href":"https:\/\/blogdoedvaldomagalhaes.com.br\/index.php\/wp-json\/wp\/v2\/tags?post=1195"}],"curies":[{"name":"wp","href":"https:\/\/api.w.org\/{rel}","templated":true}]}}