{"id":1194,"date":"2018-09-27T17:19:00","date_gmt":"2018-09-27T20:19:00","guid":{"rendered":"http:\/\/blogdoedvaldomagalhaes.com.br\/index.php\/2018\/09\/27\/importancia-da-mulher-negra-na\/"},"modified":"2019-02-09T02:32:43","modified_gmt":"2019-02-09T04:32:43","slug":"importancia-da-mulher-negra-na","status":"publish","type":"post","link":"https:\/\/blogdoedvaldomagalhaes.com.br\/index.php\/2018\/09\/27\/importancia-da-mulher-negra-na\/","title":{"rendered":"Import\u00e2ncia da mulher negra na sociedade ser\u00e1 debatida em Caruaru"},"content":{"rendered":"<div class=\"separator\" style=\"clear: both; text-align: center;\">\n<a href=\"https:\/\/3.bp.blogspot.com\/-lSum3flyjP0\/W60Q5q8F0WI\/AAAAAAAA6wQ\/bbgUuT_oldwgHWRoLEDbe5htKPciD9UcQCLcBGAs\/s1600\/link.jpeg\" imageanchor=\"1\" style=\"margin-left: 1em; margin-right: 1em;\"><img loading=\"lazy\" decoding=\"async\" border=\"0\" data-original-height=\"800\" data-original-width=\"800\" height=\"640\" src=\"http:\/\/blogdoedvaldomagalhaes.com.br\/wp-content\/uploads\/2018\/09\/link.jpeg\" width=\"640\" \/><\/a><\/div>\n<div style=\"text-align: justify;\">\n<\/div>\n<div style=\"text-align: justify;\">\nNesta sexta-feira (28) a Prefeitura de Caruaru, atrav\u00e9s da Secretaria de Pol\u00edticas para Mulheres (SPM), ir\u00e1 realizar o debate Hist\u00f3rias e Viv\u00eancias das Mulheres Negras. A a\u00e7\u00e3o tem o objetivo de ressaltar a import\u00e2ncia da mulher negra para a sociedade e divulgar as pol\u00edticas afirmativas que v\u00eam sendo promovidas ao longo do ano pela SPM. O debate contar\u00e1 com a participa\u00e7\u00e3o da Secret\u00e1ria da Mulher da Unegro\/PE, Edileuza Maria da Silva, e da vereadora de Caruaru Maria Jos\u00e9 Galdino, mais conhecida como Zez\u00e9 Parteira, que se destaca pela sua atua\u00e7\u00e3o na sa\u00fade e qualidade de vida das mulheres da comunidade de Taquara, no munic\u00edpio.<\/div>\n<div style=\"text-align: justify;\">\n<\/div>\n<div style=\"text-align: justify;\">\nTer\u00e1 tamb\u00e9m um momento de interven\u00e7\u00e3o cultural com o Grupo de Teatro da Secretaria de Pol\u00edticas para Mulheres, que ir\u00e1 apresentar a esquete N\u00e3o chora, menino! que abordar\u00e1 o tema da m\u00e3e preta que amamenta o filho da m\u00e3e branca. \u201cO empoderamento das mulheres negras \u00e9 uma das principais pautas da SPM. Iremos incentivar uma discuss\u00e3o para que elas possam compreendam o cen\u00e1rio machista-patriarcal de opress\u00e3o em que vivem e sofrem, e nesse contexto, consigamos contribuir para a transforma\u00e7\u00e3o dessa cultura opressora e racista. Iremos ouvi-las, compartilhar hist\u00f3rias e experi\u00eancias para que juntas possamos pensar para o futuro, outras propostas de pol\u00edticas p\u00fablicas baseadas nas hist\u00f3rias e viv\u00eancias dessas mulheres\u201d, explicou a secret\u00e1ria da SPM, Juliana Gouveia.&nbsp;<\/div>\n","protected":false},"excerpt":{"rendered":"<p>Nesta sexta-feira (28) a Prefeitura de Caruaru, atrav\u00e9s da Secretaria de Pol\u00edticas para Mulheres (SPM), ir\u00e1 realizar o debate Hist\u00f3rias&hellip;<\/p>\n","protected":false},"author":1,"featured_media":0,"comment_status":"open","ping_status":"open","sticky":false,"template":"","format":"standard","meta":{"footnotes":""},"categories":[1],"tags":[2,1153,6],"class_list":["post-1194","post","type-post","status-publish","format-standard","hentry","category-sem-categoria","tag-blog-do-edvaldo-magalhaes","tag-importancia-da-mulher-negra-na-sociedade-sera-debatida-em-caruaru","tag-noticias"],"_links":{"self":[{"href":"https:\/\/blogdoedvaldomagalhaes.com.br\/index.php\/wp-json\/wp\/v2\/posts\/1194","targetHints":{"allow":["GET"]}}],"collection":[{"href":"https:\/\/blogdoedvaldomagalhaes.com.br\/index.php\/wp-json\/wp\/v2\/posts"}],"about":[{"href":"https:\/\/blogdoedvaldomagalhaes.com.br\/index.php\/wp-json\/wp\/v2\/types\/post"}],"author":[{"embeddable":true,"href":"https:\/\/blogdoedvaldomagalhaes.com.br\/index.php\/wp-json\/wp\/v2\/users\/1"}],"replies":[{"embeddable":true,"href":"https:\/\/blogdoedvaldomagalhaes.com.br\/index.php\/wp-json\/wp\/v2\/comments?post=1194"}],"version-history":[{"count":1,"href":"https:\/\/blogdoedvaldomagalhaes.com.br\/index.php\/wp-json\/wp\/v2\/posts\/1194\/revisions"}],"predecessor-version":[{"id":34415,"href":"https:\/\/blogdoedvaldomagalhaes.com.br\/index.php\/wp-json\/wp\/v2\/posts\/1194\/revisions\/34415"}],"wp:attachment":[{"href":"https:\/\/blogdoedvaldomagalhaes.com.br\/index.php\/wp-json\/wp\/v2\/media?parent=1194"}],"wp:term":[{"taxonomy":"category","embeddable":true,"href":"https:\/\/blogdoedvaldomagalhaes.com.br\/index.php\/wp-json\/wp\/v2\/categories?post=1194"},{"taxonomy":"post_tag","embeddable":true,"href":"https:\/\/blogdoedvaldomagalhaes.com.br\/index.php\/wp-json\/wp\/v2\/tags?post=1194"}],"curies":[{"name":"wp","href":"https:\/\/api.w.org\/{rel}","templated":true}]}}