{"id":119340,"date":"2025-05-11T19:53:45","date_gmt":"2025-05-11T22:53:45","guid":{"rendered":"https:\/\/blogdoedvaldomagalhaes.com.br\/?p=119340"},"modified":"2025-05-11T19:53:45","modified_gmt":"2025-05-11T22:53:45","slug":"prefeito-rodrigo-pinheiro-anuncia-retorno-das-drilhas-no-sao-joao-de-caruaru","status":"publish","type":"post","link":"https:\/\/blogdoedvaldomagalhaes.com.br\/index.php\/2025\/05\/11\/prefeito-rodrigo-pinheiro-anuncia-retorno-das-drilhas-no-sao-joao-de-caruaru\/","title":{"rendered":"Prefeito Rodrigo Pinheiro anuncia retorno das drilhas no S\u00e3o Jo\u00e3o de Caruaru"},"content":{"rendered":"<p>A noite desse s\u00e1bado (10.05) foi inesquec\u00edvel para a popula\u00e7\u00e3o do Xicuru. A comunidade foi a s\u00e9tima a receber a programa\u00e7\u00e3o do S\u00e3o Jo\u00e3o na Ro\u00e7a 2025, reunindo uma multid\u00e3o de forrozeiros para celebrar a cultura popular, arrastar o p\u00e9 e relembrar uma das mais marcantes tradi\u00e7\u00f5es caruaruenses: as drilhas de S\u00e3o Jo\u00e3o. No palco da festa, o prefeito Rodrigo Pinheiro anunciou, ao lado do cantor Elifas J\u00fanior, a retomada da festa. Mais detalhes de programa\u00e7\u00e3o ser\u00e3o divulgados em breve.<\/p>\n<p>O Rei das Drilhas foi o respons\u00e1vel por encerrar a programa\u00e7\u00e3o na localidade, com um show repleto de m\u00fasicas marcantes e sucessos que j\u00e1 fazem parte da hist\u00f3ria da cidade. \u201cA gente trabalha, canta, mas se diverte junto com esse p\u00fablico incr\u00edvel. \u00c9 maravilhoso estar no S\u00e3o Jo\u00e3o de Caruaru, nesse p\u00e9-de-serra, que \u00e9 uma coisa muito nossa. Eu me identifico muito e agrade\u00e7o demais por todo o carinho\u201d, celebrou.<\/p>\n<p>No in\u00edcio da noite, os visitantes foram recebidos pelas apresenta\u00e7\u00f5es itinerantes do Batalh\u00e3o Bacamarteiro 333 e a Banda de P\u00edfano Vitoriano Jovem. No palco, o Trio Vai Hoje abriu com cl\u00e1ssicos do forr\u00f3 que colocaram todo mundo para dan\u00e7ar e cantar em coro. Em seguida, o cantor recifense Raphael Moura trouxe um show que combinou tradi\u00e7\u00e3o e modernidade e honrou o seu apelido de \u2018Poetinha\u2019. Com m\u00fasicas de forr\u00f3 e sertanejo combinadas \u00e0 poesia popular, o artista fez o frio desaparecer, enquanto o p\u00fablico arrastava o p\u00e9 e vibrava com energia.<\/p>\n<p>O forr\u00f3 seguiu para Malhada de Pedra neste domingo (10), com a \u00faltima edi\u00e7\u00e3o da matin\u00ea, que come\u00e7ou \u00e0s 16h, com a Banda de P\u00edfano Alvoraa, Cia Olhares, Trio Santa Rosa, Gitana Pimentel e Benil.<br \/>\nSiga o Instagram do Blog e comente pelo @blogdoedvaldomagalhaes<br \/>\nFoto: Secom\/PMC<\/p>\n","protected":false},"excerpt":{"rendered":"<p>A noite desse s\u00e1bado (10.05) foi inesquec\u00edvel para a popula\u00e7\u00e3o do Xicuru. A comunidade foi a s\u00e9tima a receber a&hellip;<\/p>\n","protected":false},"author":1,"featured_media":119341,"comment_status":"closed","ping_status":"open","sticky":false,"template":"","format":"standard","meta":{"footnotes":""},"categories":[14120],"tags":[29440,27410,13146,28801,33572,33571,6758],"class_list":["post-119340","post","type-post","status-publish","format-standard","has-post-thumbnail","hentry","category-noticias","tag-blog-com-mais-visualizacao","tag-blog-de-caruaru","tag-blog-edvaldo-magalhaes","tag-blog-mais-acessado","tag-drilhas","tag-prefeito-rodrigo-pinheiro-anuncia-retorno-das-drilhas-no-sao-joao-de-caruaru","tag-sao-joao"],"_links":{"self":[{"href":"https:\/\/blogdoedvaldomagalhaes.com.br\/index.php\/wp-json\/wp\/v2\/posts\/119340","targetHints":{"allow":["GET"]}}],"collection":[{"href":"https:\/\/blogdoedvaldomagalhaes.com.br\/index.php\/wp-json\/wp\/v2\/posts"}],"about":[{"href":"https:\/\/blogdoedvaldomagalhaes.com.br\/index.php\/wp-json\/wp\/v2\/types\/post"}],"author":[{"embeddable":true,"href":"https:\/\/blogdoedvaldomagalhaes.com.br\/index.php\/wp-json\/wp\/v2\/users\/1"}],"replies":[{"embeddable":true,"href":"https:\/\/blogdoedvaldomagalhaes.com.br\/index.php\/wp-json\/wp\/v2\/comments?post=119340"}],"version-history":[{"count":1,"href":"https:\/\/blogdoedvaldomagalhaes.com.br\/index.php\/wp-json\/wp\/v2\/posts\/119340\/revisions"}],"predecessor-version":[{"id":119342,"href":"https:\/\/blogdoedvaldomagalhaes.com.br\/index.php\/wp-json\/wp\/v2\/posts\/119340\/revisions\/119342"}],"wp:featuredmedia":[{"embeddable":true,"href":"https:\/\/blogdoedvaldomagalhaes.com.br\/index.php\/wp-json\/wp\/v2\/media\/119341"}],"wp:attachment":[{"href":"https:\/\/blogdoedvaldomagalhaes.com.br\/index.php\/wp-json\/wp\/v2\/media?parent=119340"}],"wp:term":[{"taxonomy":"category","embeddable":true,"href":"https:\/\/blogdoedvaldomagalhaes.com.br\/index.php\/wp-json\/wp\/v2\/categories?post=119340"},{"taxonomy":"post_tag","embeddable":true,"href":"https:\/\/blogdoedvaldomagalhaes.com.br\/index.php\/wp-json\/wp\/v2\/tags?post=119340"}],"curies":[{"name":"wp","href":"https:\/\/api.w.org\/{rel}","templated":true}]}}