{"id":1193,"date":"2018-09-27T18:06:00","date_gmt":"2018-09-27T21:06:00","guid":{"rendered":"http:\/\/blogdoedvaldomagalhaes.com.br\/index.php\/2018\/09\/27\/fernando-rodolfo-intensifica-campanha\/"},"modified":"2019-02-09T02:32:44","modified_gmt":"2019-02-09T04:32:44","slug":"fernando-rodolfo-intensifica-campanha","status":"publish","type":"post","link":"https:\/\/blogdoedvaldomagalhaes.com.br\/index.php\/2018\/09\/27\/fernando-rodolfo-intensifica-campanha\/","title":{"rendered":"Fernando Rodolfo intensifica campanha no Agreste"},"content":{"rendered":"<div class=\"separator\" style=\"clear: both; text-align: center;\">\n<a href=\"https:\/\/2.bp.blogspot.com\/-tGlafDOHDnM\/W60bhZc7bJI\/AAAAAAAA6wc\/5hG7zSOBbcUuVgXVlJ9KwaLGOpGB_REwwCLcBGAs\/s1600\/IMG-20180927-WA0138.jpg\" imageanchor=\"1\" style=\"margin-left: 1em; margin-right: 1em;\"><img loading=\"lazy\" decoding=\"async\" border=\"0\" data-original-height=\"853\" data-original-width=\"1280\" height=\"426\" src=\"http:\/\/blogdoedvaldomagalhaes.com.br\/wp-content\/uploads\/2018\/09\/IMG-20180927-WA0138.jpg\" width=\"640\" \/><\/a><\/div>\n<div style=\"text-align: justify;\">\n\u00c0s v\u00e9speras da \u00faltima semana da corrida eleitoral, as visitas di\u00e1rias de casa em casa do jornalista e candidato a deputado federal pelo PHS, Fernando Rodolfo, t\u00eam sido intensificadas, e, para isso, o candidato pela coliga\u00e7\u00e3o &#8220;Avan\u00e7a Pernambuco&#8221; tem apresentado, junto com sua equipe, propostas para a popula\u00e7\u00e3o durante as caminhadas por Caruaru e em cidades do interior de Pernambuco.<\/div>\n<div style=\"text-align: justify;\">\n<\/div>\n<div style=\"text-align: justify;\">\nAs publica\u00e7\u00f5es nas redes sociais mostram tamb\u00e9m a intensidade das atividades de campanha que Fernando tem realizado pelo interior do Estado, buscando ampliar o n\u00famero de eleitores em v\u00e1rios munic\u00edpios do Agreste.<\/div>\n<div style=\"text-align: justify;\">\n<\/div>\n<div style=\"text-align: justify;\">\nDe acordo com Fernando Rodolfo, o objetivo \u00e9 aumentar o contato direto com o eleitor, apresentando propostas e compromissos. O candidato disse ainda que \u00e9 gratificante chegar em v\u00e1rias cidades, com o p\u00e9 no ch\u00e3o, podendo olhar olho no olho do eleitor e ser visto como o novo deputado federal que o povo precisa. \u201cEu sou a cara da nova pol\u00edtica. O povo j\u00e1 cansou de ver delegacias sucateadas e hospitais sem medicamentos. Estou disposto a acabar com as pr\u00e1ticas pol\u00edticas atrasadas que reinam em cidades como Caruaru e Garanhuns, que muitas vezes se vendem em troca de luxo e conforto e acabam esquecendo da popula\u00e7\u00e3o.\u201d<\/div>\n<div style=\"text-align: justify;\">\n<\/div>\n<div style=\"text-align: justify;\">\nPontuando bem nas pesquisas de opini\u00e3o p\u00fablica, a campanha de Fernando Rodolfo esta embalada e vem tendo grande aceita\u00e7\u00e3o de forma especial em Caruaru, sua principal base eleitoral, onde foi apresentador de TV. Filho natural de Garanhuns, ele tem o nome bem avaliado e tem buscado conquistar os moradores com inten\u00e7\u00e3o de que a cidade volte a ter representatividade na C\u00e2mara Federal, em Bras\u00edlia.<\/div>\n<div style=\"text-align: justify;\">\n<\/div>\n","protected":false},"excerpt":{"rendered":"<p>\u00c0s v\u00e9speras da \u00faltima semana da corrida eleitoral, as visitas di\u00e1rias de casa em casa do jornalista e candidato a&hellip;<\/p>\n","protected":false},"author":1,"featured_media":0,"comment_status":"open","ping_status":"open","sticky":false,"template":"","format":"standard","meta":{"footnotes":""},"categories":[1],"tags":[2,1152,20],"class_list":["post-1193","post","type-post","status-publish","format-standard","hentry","category-sem-categoria","tag-blog-do-edvaldo-magalhaes","tag-fernando-rodolfo-intensifica-campanha-no-agreste","tag-politica"],"_links":{"self":[{"href":"https:\/\/blogdoedvaldomagalhaes.com.br\/index.php\/wp-json\/wp\/v2\/posts\/1193","targetHints":{"allow":["GET"]}}],"collection":[{"href":"https:\/\/blogdoedvaldomagalhaes.com.br\/index.php\/wp-json\/wp\/v2\/posts"}],"about":[{"href":"https:\/\/blogdoedvaldomagalhaes.com.br\/index.php\/wp-json\/wp\/v2\/types\/post"}],"author":[{"embeddable":true,"href":"https:\/\/blogdoedvaldomagalhaes.com.br\/index.php\/wp-json\/wp\/v2\/users\/1"}],"replies":[{"embeddable":true,"href":"https:\/\/blogdoedvaldomagalhaes.com.br\/index.php\/wp-json\/wp\/v2\/comments?post=1193"}],"version-history":[{"count":1,"href":"https:\/\/blogdoedvaldomagalhaes.com.br\/index.php\/wp-json\/wp\/v2\/posts\/1193\/revisions"}],"predecessor-version":[{"id":34417,"href":"https:\/\/blogdoedvaldomagalhaes.com.br\/index.php\/wp-json\/wp\/v2\/posts\/1193\/revisions\/34417"}],"wp:attachment":[{"href":"https:\/\/blogdoedvaldomagalhaes.com.br\/index.php\/wp-json\/wp\/v2\/media?parent=1193"}],"wp:term":[{"taxonomy":"category","embeddable":true,"href":"https:\/\/blogdoedvaldomagalhaes.com.br\/index.php\/wp-json\/wp\/v2\/categories?post=1193"},{"taxonomy":"post_tag","embeddable":true,"href":"https:\/\/blogdoedvaldomagalhaes.com.br\/index.php\/wp-json\/wp\/v2\/tags?post=1193"}],"curies":[{"name":"wp","href":"https:\/\/api.w.org\/{rel}","templated":true}]}}