{"id":119273,"date":"2025-05-08T20:05:43","date_gmt":"2025-05-08T23:05:43","guid":{"rendered":"https:\/\/blogdoedvaldomagalhaes.com.br\/?p=119273"},"modified":"2025-05-08T20:05:43","modified_gmt":"2025-05-08T23:05:43","slug":"cachoeira-seca-xicuru-e-malhada-de-pedra-recebem-sao-joao-na-roca-neste-fim-de-semana","status":"publish","type":"post","link":"https:\/\/blogdoedvaldomagalhaes.com.br\/index.php\/2025\/05\/08\/cachoeira-seca-xicuru-e-malhada-de-pedra-recebem-sao-joao-na-roca-neste-fim-de-semana\/","title":{"rendered":"Cachoeira Seca, Xicuru e Malhada de Pedra recebem S\u00e3o Jo\u00e3o na Ro\u00e7a neste fim de semana"},"content":{"rendered":"<p>_Ao todo, mais de 100 artistas se apresentar\u00e3o em performances de m\u00fasica, dan\u00e7a e desfile de bacamarteiros_ <\/p>\n<p>O terceiro fim de semana do S\u00e3o Jo\u00e3o na Ro\u00e7a est\u00e1 prestes a come\u00e7ar. A partir desta sexta-feira (9), as localidades de Cachoeira Seca, Xicuru e Malhada de Pedra receber\u00e3o a programa\u00e7\u00e3o com mais de 100 artistas, entre shows musicais, apresenta\u00e7\u00f5es de dan\u00e7a e desfiles de batalh\u00f5es de bacamarteiros. <\/p>\n<p>Al\u00e9m destas atividades culturais, o evento contar\u00e1 com parque de divers\u00e3o para receber o p\u00fablico infantil e \u00e1rea de alimenta\u00e7\u00e3o com quiosques de comerciantes das localidades.<\/p>\n<p>Na sexta (9) e no s\u00e1bado (10), as atividades ter\u00e3o in\u00edcio a partir das 18h, com apresenta\u00e7\u00f5es itinerantes. No domingo (11), ter\u00e1 continuidade o modelo de matin\u00ea, com programa\u00e7\u00e3o das 16h \u00e0s 20h.<\/p>\n<p>*Confira a programa\u00e7\u00e3o completa:*<\/p>\n<p>&#8211; *Sexta-feira (9) &#8211; Cachoeira Seca*<br \/>\n18h &#8211; Batalh\u00e3o Bacamarteiro 56<br \/>\n18h &#8211; Quadrilha Brincantes do Sert\u00e3o<br \/>\n18h &#8211; Trio Os Vitalinos<br \/>\n20h &#8211; Pau no Xote<br \/>\n22h &#8211; Banda Alternativa<\/p>\n<p>&#8211; *S\u00e1bado (10) &#8211; Xicuru*<br \/>\n18h &#8211; Batalh\u00e3o Bacamarteiro 333<br \/>\n18h &#8211; Banda de P\u00edfano Vitoriano Jovem<br \/>\n18h &#8211; Trio Vai Hoje<br \/>\n20h &#8211; Raphael Moura<br \/>\n22h &#8211; Elifas J\u00fanior<\/p>\n<p>&#8211; *Domingo (11) &#8211; Malhada de Pedra*<br \/>\n16h &#8211; Banda de P\u00edfano Alvorada<br \/>\n16h &#8211; Cia Olhares<br \/>\n16h &#8211; Trio Santa Rosa<br \/>\n17h &#8211; Gitana Pimentel<br \/>\n18h45 &#8211; Benil<br \/>\nSiga o Instagram do Blog pelo @blogdoedvaldomagalhaes<br \/>\nFoto: Divulga\u00e7\u00e3o <\/p>\n","protected":false},"excerpt":{"rendered":"<p>_Ao todo, mais de 100 artistas se apresentar\u00e3o em performances de m\u00fasica, dan\u00e7a e desfile de bacamarteiros_ O terceiro fim&hellip;<\/p>\n","protected":false},"author":1,"featured_media":119122,"comment_status":"closed","ping_status":"open","sticky":false,"template":"","format":"standard","meta":{"footnotes":""},"categories":[14120],"tags":[28803,27410,13146,28801,5428,6758,33552],"class_list":["post-119273","post","type-post","status-publish","format-standard","has-post-thumbnail","hentry","category-noticias","tag-blog-com-mais-visualizacoes","tag-blog-de-caruaru","tag-blog-edvaldo-magalhaes","tag-blog-mais-acessado","tag-cachoeira-seca","tag-sao-joao","tag-xicuru-e-malhada-de-pedra-recebem-sao-joao-na-roca-neste-fim-de-semana"],"_links":{"self":[{"href":"https:\/\/blogdoedvaldomagalhaes.com.br\/index.php\/wp-json\/wp\/v2\/posts\/119273","targetHints":{"allow":["GET"]}}],"collection":[{"href":"https:\/\/blogdoedvaldomagalhaes.com.br\/index.php\/wp-json\/wp\/v2\/posts"}],"about":[{"href":"https:\/\/blogdoedvaldomagalhaes.com.br\/index.php\/wp-json\/wp\/v2\/types\/post"}],"author":[{"embeddable":true,"href":"https:\/\/blogdoedvaldomagalhaes.com.br\/index.php\/wp-json\/wp\/v2\/users\/1"}],"replies":[{"embeddable":true,"href":"https:\/\/blogdoedvaldomagalhaes.com.br\/index.php\/wp-json\/wp\/v2\/comments?post=119273"}],"version-history":[{"count":1,"href":"https:\/\/blogdoedvaldomagalhaes.com.br\/index.php\/wp-json\/wp\/v2\/posts\/119273\/revisions"}],"predecessor-version":[{"id":119274,"href":"https:\/\/blogdoedvaldomagalhaes.com.br\/index.php\/wp-json\/wp\/v2\/posts\/119273\/revisions\/119274"}],"wp:featuredmedia":[{"embeddable":true,"href":"https:\/\/blogdoedvaldomagalhaes.com.br\/index.php\/wp-json\/wp\/v2\/media\/119122"}],"wp:attachment":[{"href":"https:\/\/blogdoedvaldomagalhaes.com.br\/index.php\/wp-json\/wp\/v2\/media?parent=119273"}],"wp:term":[{"taxonomy":"category","embeddable":true,"href":"https:\/\/blogdoedvaldomagalhaes.com.br\/index.php\/wp-json\/wp\/v2\/categories?post=119273"},{"taxonomy":"post_tag","embeddable":true,"href":"https:\/\/blogdoedvaldomagalhaes.com.br\/index.php\/wp-json\/wp\/v2\/tags?post=119273"}],"curies":[{"name":"wp","href":"https:\/\/api.w.org\/{rel}","templated":true}]}}