{"id":119270,"date":"2025-05-08T19:57:54","date_gmt":"2025-05-08T22:57:54","guid":{"rendered":"https:\/\/blogdoedvaldomagalhaes.com.br\/?p=119270"},"modified":"2025-05-08T19:57:54","modified_gmt":"2025-05-08T22:57:54","slug":"motociclista-morre-apos-carro-bater-na-trazeira-de-carro","status":"publish","type":"post","link":"https:\/\/blogdoedvaldomagalhaes.com.br\/index.php\/2025\/05\/08\/motociclista-morre-apos-carro-bater-na-trazeira-de-carro\/","title":{"rendered":"Motociclista morre ap\u00f3s carro bater na trazeira de carro"},"content":{"rendered":"<p>O sinistro de tr\u00e2nsito ocorreu por volta das 16h, desta quinta-feira (08.05), no km 60 da BR 101 na Guabiraba.<\/p>\n<p>Foi uma colis\u00e3o de um carro na parte de tr\u00e1s de uma motocicleta. A PRF suspeita que a colis\u00e3o ocorreu ap\u00f3s uma discuss\u00e3o de tr\u00e2nsito.<\/p>\n<p>Equipes da PRF e do SAMU tentaram reanimar o condutor da moto, mas ele n\u00e3o resistiu e faleceu no local. <\/p>\n<p>O motorista do carro n\u00e3o se feriu. Ele realizou o teste do baf\u00f4metro e o resultado foi normal. <\/p>\n<p>O motorista do carro ser\u00e1 encaminhado para a Delegacia de Pol\u00edcia Civil. <\/p>\n<p>A PRF est\u00e1 aguardando o IC e IML. Foto: Divulga\u00e7\u00e3o\/PRF<br \/>\nSeja seguidor do Instagram do Blog pelo @blogdoedvaldomagalhaes<\/p>\n","protected":false},"excerpt":{"rendered":"<p>O sinistro de tr\u00e2nsito ocorreu por volta das 16h, desta quinta-feira (08.05), no km 60 da BR 101 na Guabiraba.&hellip;<\/p>\n","protected":false},"author":1,"featured_media":119271,"comment_status":"closed","ping_status":"open","sticky":false,"template":"","format":"standard","meta":{"footnotes":""},"categories":[14120],"tags":[14276,30592,27410,2,28801,33551],"class_list":["post-119270","post","type-post","status-publish","format-standard","has-post-thumbnail","hentry","category-noticias","tag-acidente","tag-blog-com-mais-seguidores","tag-blog-de-caruaru","tag-blog-do-edvaldo-magalhaes","tag-blog-mais-acessado","tag-motociclista-morre-apos-carro-bater-na-trazeira-de-carro"],"_links":{"self":[{"href":"https:\/\/blogdoedvaldomagalhaes.com.br\/index.php\/wp-json\/wp\/v2\/posts\/119270","targetHints":{"allow":["GET"]}}],"collection":[{"href":"https:\/\/blogdoedvaldomagalhaes.com.br\/index.php\/wp-json\/wp\/v2\/posts"}],"about":[{"href":"https:\/\/blogdoedvaldomagalhaes.com.br\/index.php\/wp-json\/wp\/v2\/types\/post"}],"author":[{"embeddable":true,"href":"https:\/\/blogdoedvaldomagalhaes.com.br\/index.php\/wp-json\/wp\/v2\/users\/1"}],"replies":[{"embeddable":true,"href":"https:\/\/blogdoedvaldomagalhaes.com.br\/index.php\/wp-json\/wp\/v2\/comments?post=119270"}],"version-history":[{"count":1,"href":"https:\/\/blogdoedvaldomagalhaes.com.br\/index.php\/wp-json\/wp\/v2\/posts\/119270\/revisions"}],"predecessor-version":[{"id":119272,"href":"https:\/\/blogdoedvaldomagalhaes.com.br\/index.php\/wp-json\/wp\/v2\/posts\/119270\/revisions\/119272"}],"wp:featuredmedia":[{"embeddable":true,"href":"https:\/\/blogdoedvaldomagalhaes.com.br\/index.php\/wp-json\/wp\/v2\/media\/119271"}],"wp:attachment":[{"href":"https:\/\/blogdoedvaldomagalhaes.com.br\/index.php\/wp-json\/wp\/v2\/media?parent=119270"}],"wp:term":[{"taxonomy":"category","embeddable":true,"href":"https:\/\/blogdoedvaldomagalhaes.com.br\/index.php\/wp-json\/wp\/v2\/categories?post=119270"},{"taxonomy":"post_tag","embeddable":true,"href":"https:\/\/blogdoedvaldomagalhaes.com.br\/index.php\/wp-json\/wp\/v2\/tags?post=119270"}],"curies":[{"name":"wp","href":"https:\/\/api.w.org\/{rel}","templated":true}]}}