{"id":119245,"date":"2025-05-08T09:06:28","date_gmt":"2025-05-08T12:06:28","guid":{"rendered":"https:\/\/blogdoedvaldomagalhaes.com.br\/?p=119245"},"modified":"2025-05-08T23:09:46","modified_gmt":"2025-05-09T02:09:46","slug":"homicidio-e-registrado-nessa-madrugada-em-caruaru","status":"publish","type":"post","link":"https:\/\/blogdoedvaldomagalhaes.com.br\/index.php\/2025\/05\/08\/homicidio-e-registrado-nessa-madrugada-em-caruaru\/","title":{"rendered":"Homic\u00eddio \u00e9 registrado nessa madrugada em Caruaru"},"content":{"rendered":"<p>O ex-presidi\u00e1rio Jo\u00e3o Carlos da Rocha Vasconcelos, 43 anos de idade, foi executado com v\u00e1rios tiros quando estava sa\u00edndo de casa no bairro Riach\u00e3o. O crime aconteceu em um beco da rua Pedro Gon\u00e7alves Filho. Autoria e motiva\u00e7\u00e3o est\u00e3o sendo investigadas pela pol\u00edcia.<\/p>\n<p>Este foi o 5\u00ba homic\u00eddio de maio em Caruaru. Este ano, de janeiro at\u00e9 agora, mataram no munic\u00edpio 36 pessoas.<br \/>\nSiga o Instagram do Blog e comente pelo @blogdoedvaldomagalhaes<\/p>\n","protected":false},"excerpt":{"rendered":"<p>O ex-presidi\u00e1rio Jo\u00e3o Carlos da Rocha Vasconcelos, 43 anos de idade, foi executado com v\u00e1rios tiros quando estava sa\u00edndo de&hellip;<\/p>\n","protected":false},"author":1,"featured_media":50297,"comment_status":"closed","ping_status":"open","sticky":false,"template":"","format":"standard","meta":{"footnotes":""},"categories":[14121],"tags":[30592,27410,2,28801,5448],"class_list":["post-119245","post","type-post","status-publish","format-standard","has-post-thumbnail","hentry","category-policial","tag-blog-com-mais-seguidores","tag-blog-de-caruaru","tag-blog-do-edvaldo-magalhaes","tag-blog-mais-acessado","tag-homicidio"],"_links":{"self":[{"href":"https:\/\/blogdoedvaldomagalhaes.com.br\/index.php\/wp-json\/wp\/v2\/posts\/119245","targetHints":{"allow":["GET"]}}],"collection":[{"href":"https:\/\/blogdoedvaldomagalhaes.com.br\/index.php\/wp-json\/wp\/v2\/posts"}],"about":[{"href":"https:\/\/blogdoedvaldomagalhaes.com.br\/index.php\/wp-json\/wp\/v2\/types\/post"}],"author":[{"embeddable":true,"href":"https:\/\/blogdoedvaldomagalhaes.com.br\/index.php\/wp-json\/wp\/v2\/users\/1"}],"replies":[{"embeddable":true,"href":"https:\/\/blogdoedvaldomagalhaes.com.br\/index.php\/wp-json\/wp\/v2\/comments?post=119245"}],"version-history":[{"count":5,"href":"https:\/\/blogdoedvaldomagalhaes.com.br\/index.php\/wp-json\/wp\/v2\/posts\/119245\/revisions"}],"predecessor-version":[{"id":119277,"href":"https:\/\/blogdoedvaldomagalhaes.com.br\/index.php\/wp-json\/wp\/v2\/posts\/119245\/revisions\/119277"}],"wp:featuredmedia":[{"embeddable":true,"href":"https:\/\/blogdoedvaldomagalhaes.com.br\/index.php\/wp-json\/wp\/v2\/media\/50297"}],"wp:attachment":[{"href":"https:\/\/blogdoedvaldomagalhaes.com.br\/index.php\/wp-json\/wp\/v2\/media?parent=119245"}],"wp:term":[{"taxonomy":"category","embeddable":true,"href":"https:\/\/blogdoedvaldomagalhaes.com.br\/index.php\/wp-json\/wp\/v2\/categories?post=119245"},{"taxonomy":"post_tag","embeddable":true,"href":"https:\/\/blogdoedvaldomagalhaes.com.br\/index.php\/wp-json\/wp\/v2\/tags?post=119245"}],"curies":[{"name":"wp","href":"https:\/\/api.w.org\/{rel}","templated":true}]}}