{"id":119240,"date":"2025-05-08T08:33:22","date_gmt":"2025-05-08T11:33:22","guid":{"rendered":"https:\/\/blogdoedvaldomagalhaes.com.br\/?p=119240"},"modified":"2025-05-08T08:34:54","modified_gmt":"2025-05-08T11:34:54","slug":"colisao-envolvendo-caminhonete-e-viatura-da-pm-deixa-feridos","status":"publish","type":"post","link":"https:\/\/blogdoedvaldomagalhaes.com.br\/index.php\/2025\/05\/08\/colisao-envolvendo-caminhonete-e-viatura-da-pm-deixa-feridos\/","title":{"rendered":"Colis\u00e3o envolvendo caminhonete e viatura da PM deixa feridos"},"content":{"rendered":"<p>O sinistro de tr\u00e2nsito ocorreu nessa quarta-feira (07.05), por 16h, no Km 374 da BR 232, em Flores, no Sert\u00e3o de Pernambuco.<\/p>\n<p>Foi uma colis\u00e3o de uma caminhonete na lateral de uma viatura da PM. Na sequ\u00eancia, a viatura tombou.<\/p>\n<p>Os dois ocupantes da viatura tiveram ferimentos leves e n\u00e3o precisaram ser socorridos.<\/p>\n<p>Os dois motoristas realizaram o teste do baf\u00f4metro e o resultado foi normal.<br \/>\nSeja seguidor do Instagram do Blog pelo @blogdoedvaldomagalhaes<\/p>\n<p><img loading=\"lazy\" decoding=\"async\" src=\"https:\/\/blogdoedvaldomagalhaes.com.br\/wp-content\/uploads\/2025\/05\/img-20250508-wa00143384478528745757031.jpg\" class=\"alignnone size-full wp-image-119243\" width=\"900\" height=\"502\" srcset=\"https:\/\/blogdoedvaldomagalhaes.com.br\/wp-content\/uploads\/2025\/05\/img-20250508-wa00143384478528745757031.jpg 900w, https:\/\/blogdoedvaldomagalhaes.com.br\/wp-content\/uploads\/2025\/05\/img-20250508-wa00143384478528745757031-300x167.jpg 300w, https:\/\/blogdoedvaldomagalhaes.com.br\/wp-content\/uploads\/2025\/05\/img-20250508-wa00143384478528745757031-768x428.jpg 768w\" sizes=\"auto, (max-width: 900px) 100vw, 900px\" \/>Fotos: Divulga\u00e7\u00e3o\/PRF<\/p>\n","protected":false},"excerpt":{"rendered":"<p>O sinistro de tr\u00e2nsito ocorreu nessa quarta-feira (07.05), por 16h, no Km 374 da BR 232, em Flores, no Sert\u00e3o&hellip;<\/p>\n","protected":false},"author":1,"featured_media":119241,"comment_status":"closed","ping_status":"open","sticky":false,"template":"","format":"standard","meta":{"footnotes":""},"categories":[14120],"tags":[14276,28803,27410,13146,28801,33546,30295],"class_list":["post-119240","post","type-post","status-publish","format-standard","has-post-thumbnail","hentry","category-noticias","tag-acidente","tag-blog-com-mais-visualizacoes","tag-blog-de-caruaru","tag-blog-edvaldo-magalhaes","tag-blog-mais-acessado","tag-colisao-envolvendo-caminhonete-e-viatura-da-pm-deixa-feridos","tag-sinistro"],"_links":{"self":[{"href":"https:\/\/blogdoedvaldomagalhaes.com.br\/index.php\/wp-json\/wp\/v2\/posts\/119240","targetHints":{"allow":["GET"]}}],"collection":[{"href":"https:\/\/blogdoedvaldomagalhaes.com.br\/index.php\/wp-json\/wp\/v2\/posts"}],"about":[{"href":"https:\/\/blogdoedvaldomagalhaes.com.br\/index.php\/wp-json\/wp\/v2\/types\/post"}],"author":[{"embeddable":true,"href":"https:\/\/blogdoedvaldomagalhaes.com.br\/index.php\/wp-json\/wp\/v2\/users\/1"}],"replies":[{"embeddable":true,"href":"https:\/\/blogdoedvaldomagalhaes.com.br\/index.php\/wp-json\/wp\/v2\/comments?post=119240"}],"version-history":[{"count":2,"href":"https:\/\/blogdoedvaldomagalhaes.com.br\/index.php\/wp-json\/wp\/v2\/posts\/119240\/revisions"}],"predecessor-version":[{"id":119244,"href":"https:\/\/blogdoedvaldomagalhaes.com.br\/index.php\/wp-json\/wp\/v2\/posts\/119240\/revisions\/119244"}],"wp:featuredmedia":[{"embeddable":true,"href":"https:\/\/blogdoedvaldomagalhaes.com.br\/index.php\/wp-json\/wp\/v2\/media\/119241"}],"wp:attachment":[{"href":"https:\/\/blogdoedvaldomagalhaes.com.br\/index.php\/wp-json\/wp\/v2\/media?parent=119240"}],"wp:term":[{"taxonomy":"category","embeddable":true,"href":"https:\/\/blogdoedvaldomagalhaes.com.br\/index.php\/wp-json\/wp\/v2\/categories?post=119240"},{"taxonomy":"post_tag","embeddable":true,"href":"https:\/\/blogdoedvaldomagalhaes.com.br\/index.php\/wp-json\/wp\/v2\/tags?post=119240"}],"curies":[{"name":"wp","href":"https:\/\/api.w.org\/{rel}","templated":true}]}}