{"id":119237,"date":"2025-05-07T22:15:08","date_gmt":"2025-05-08T01:15:08","guid":{"rendered":"https:\/\/blogdoedvaldomagalhaes.com.br\/?p=119237"},"modified":"2025-05-07T22:15:08","modified_gmt":"2025-05-08T01:15:08","slug":"homem-e-preso-com-dez-celulares-roubados","status":"publish","type":"post","link":"https:\/\/blogdoedvaldomagalhaes.com.br\/index.php\/2025\/05\/07\/homem-e-preso-com-dez-celulares-roubados\/","title":{"rendered":"Homem \u00e9 preso com dez celulares roubados"},"content":{"rendered":"<p>Um homem que j\u00e1 possui hist\u00f3rico criminal foi preso, na segunda-feira (05\/05), por recepta\u00e7\u00e3o de produtos roubados, no bairro de Santo Ant\u00f4nio, no Centro do Recife.<\/p>\n<p>Policiais do Batalh\u00e3o de Radiopatrulha receberam informa\u00e7\u00f5es de que havia um suspeito recebendo celulares na Rua Di\u00e1rio de Pernambuco, fizeram a checagem e localizaram o envolvido.<\/p>\n<p>Com ele havia um aparelho com restri\u00e7\u00e3o de roubo\/furto, mas ao fazer uma varredura no local, foram encontrados outros nove aparelhos, tamb\u00e9m produtos de crime.<\/p>\n<p>O homem e todo o material apreendido foram apresentados na Central de Plant\u00f5es da Capital, para que fossem adotadas as medidas legais cab\u00edveis. Foto: Divulga\u00e7\u00e3o\/PMPE<br \/>\nSiga o Instagram do Blog pelo @blogdoedvaldomagalhaes <\/p>\n","protected":false},"excerpt":{"rendered":"<p>Um homem que j\u00e1 possui hist\u00f3rico criminal foi preso, na segunda-feira (05\/05), por recepta\u00e7\u00e3o de produtos roubados, no bairro de&hellip;<\/p>\n","protected":false},"author":1,"featured_media":119238,"comment_status":"closed","ping_status":"open","sticky":false,"template":"","format":"standard","meta":{"footnotes":""},"categories":[14121],"tags":[28803,27410,13146,28801,33545],"class_list":["post-119237","post","type-post","status-publish","format-standard","has-post-thumbnail","hentry","category-policial","tag-blog-com-mais-visualizacoes","tag-blog-de-caruaru","tag-blog-edvaldo-magalhaes","tag-blog-mais-acessado","tag-homem-e-preso-com-dez-celulares-roubados"],"_links":{"self":[{"href":"https:\/\/blogdoedvaldomagalhaes.com.br\/index.php\/wp-json\/wp\/v2\/posts\/119237","targetHints":{"allow":["GET"]}}],"collection":[{"href":"https:\/\/blogdoedvaldomagalhaes.com.br\/index.php\/wp-json\/wp\/v2\/posts"}],"about":[{"href":"https:\/\/blogdoedvaldomagalhaes.com.br\/index.php\/wp-json\/wp\/v2\/types\/post"}],"author":[{"embeddable":true,"href":"https:\/\/blogdoedvaldomagalhaes.com.br\/index.php\/wp-json\/wp\/v2\/users\/1"}],"replies":[{"embeddable":true,"href":"https:\/\/blogdoedvaldomagalhaes.com.br\/index.php\/wp-json\/wp\/v2\/comments?post=119237"}],"version-history":[{"count":1,"href":"https:\/\/blogdoedvaldomagalhaes.com.br\/index.php\/wp-json\/wp\/v2\/posts\/119237\/revisions"}],"predecessor-version":[{"id":119239,"href":"https:\/\/blogdoedvaldomagalhaes.com.br\/index.php\/wp-json\/wp\/v2\/posts\/119237\/revisions\/119239"}],"wp:featuredmedia":[{"embeddable":true,"href":"https:\/\/blogdoedvaldomagalhaes.com.br\/index.php\/wp-json\/wp\/v2\/media\/119238"}],"wp:attachment":[{"href":"https:\/\/blogdoedvaldomagalhaes.com.br\/index.php\/wp-json\/wp\/v2\/media?parent=119237"}],"wp:term":[{"taxonomy":"category","embeddable":true,"href":"https:\/\/blogdoedvaldomagalhaes.com.br\/index.php\/wp-json\/wp\/v2\/categories?post=119237"},{"taxonomy":"post_tag","embeddable":true,"href":"https:\/\/blogdoedvaldomagalhaes.com.br\/index.php\/wp-json\/wp\/v2\/tags?post=119237"}],"curies":[{"name":"wp","href":"https:\/\/api.w.org\/{rel}","templated":true}]}}