{"id":119234,"date":"2025-05-07T19:48:31","date_gmt":"2025-05-07T22:48:31","guid":{"rendered":"https:\/\/blogdoedvaldomagalhaes.com.br\/?p=119234"},"modified":"2025-05-07T19:48:31","modified_gmt":"2025-05-07T22:48:31","slug":"cemiterios-municipais-de-caruaru-terao-horario-e-programacao-especial-para-o-dia-das-maes","status":"publish","type":"post","link":"https:\/\/blogdoedvaldomagalhaes.com.br\/index.php\/2025\/05\/07\/cemiterios-municipais-de-caruaru-terao-horario-e-programacao-especial-para-o-dia-das-maes\/","title":{"rendered":"Cemit\u00e9rios municipais de Caruaru ter\u00e3o hor\u00e1rio e programa\u00e7\u00e3o especial para o Dia das M\u00e3es"},"content":{"rendered":"<p>Neste domingo (11.05), Dia das M\u00e3es, os cemit\u00e9rios municipais de Caruaru ter\u00e3o hor\u00e1rio e programa\u00e7\u00e3o especial. Foram feitos ajustes nos espa\u00e7os para receber os visitantes. <\/p>\n<p>Os cemit\u00e9rios da zona urbana, v\u00e3o estar abertos das 7h \u00e0s 18h, e uma celebra\u00e7\u00e3o eucar\u00edstica ir\u00e1 acontecer em dois momentos: de manh\u00e3 e no fim da tarde. Al\u00e9m disso, a\u00e7\u00f5es de acolhimento, aferi\u00e7\u00e3o de press\u00e3o, teste de glicemia, entre outros, ser\u00e3o oferecidas.<\/p>\n<p>&#8220;Essa programa\u00e7\u00e3o estar\u00e1 dispon\u00edvel para aquelas pessoas que desejam visitar entes queridos nesse domingo, Dia das M\u00e3es. Al\u00e9m de pensar nesse hor\u00e1rio e programa\u00e7\u00e3o especial, n\u00f3s temos o esquema de colocar os bancos para os comerciantes de flores na frente dos cemit\u00e9rios&#8221;, destacou o secret\u00e1rio de Servi\u00e7os P\u00fablicos, Vital Flor\u00eancio.<br \/>\nSiga o Instagram do Blog pelo @blogdoedvaldomagalhaes<br \/>\nFoto: Jorge Farias<\/p>\n","protected":false},"excerpt":{"rendered":"<p>Neste domingo (11.05), Dia das M\u00e3es, os cemit\u00e9rios municipais de Caruaru ter\u00e3o hor\u00e1rio e programa\u00e7\u00e3o especial. Foram feitos ajustes nos&hellip;<\/p>\n","protected":false},"author":1,"featured_media":119235,"comment_status":"closed","ping_status":"open","sticky":false,"template":"","format":"standard","meta":{"footnotes":""},"categories":[14120],"tags":[30592,27410,13146,28801,33544],"class_list":["post-119234","post","type-post","status-publish","format-standard","has-post-thumbnail","hentry","category-noticias","tag-blog-com-mais-seguidores","tag-blog-de-caruaru","tag-blog-edvaldo-magalhaes","tag-blog-mais-acessado","tag-cemiterios-municipais-de-caruaru-terao-horario-e-programacao-especial-para-o-dia-das-maes"],"_links":{"self":[{"href":"https:\/\/blogdoedvaldomagalhaes.com.br\/index.php\/wp-json\/wp\/v2\/posts\/119234","targetHints":{"allow":["GET"]}}],"collection":[{"href":"https:\/\/blogdoedvaldomagalhaes.com.br\/index.php\/wp-json\/wp\/v2\/posts"}],"about":[{"href":"https:\/\/blogdoedvaldomagalhaes.com.br\/index.php\/wp-json\/wp\/v2\/types\/post"}],"author":[{"embeddable":true,"href":"https:\/\/blogdoedvaldomagalhaes.com.br\/index.php\/wp-json\/wp\/v2\/users\/1"}],"replies":[{"embeddable":true,"href":"https:\/\/blogdoedvaldomagalhaes.com.br\/index.php\/wp-json\/wp\/v2\/comments?post=119234"}],"version-history":[{"count":1,"href":"https:\/\/blogdoedvaldomagalhaes.com.br\/index.php\/wp-json\/wp\/v2\/posts\/119234\/revisions"}],"predecessor-version":[{"id":119236,"href":"https:\/\/blogdoedvaldomagalhaes.com.br\/index.php\/wp-json\/wp\/v2\/posts\/119234\/revisions\/119236"}],"wp:featuredmedia":[{"embeddable":true,"href":"https:\/\/blogdoedvaldomagalhaes.com.br\/index.php\/wp-json\/wp\/v2\/media\/119235"}],"wp:attachment":[{"href":"https:\/\/blogdoedvaldomagalhaes.com.br\/index.php\/wp-json\/wp\/v2\/media?parent=119234"}],"wp:term":[{"taxonomy":"category","embeddable":true,"href":"https:\/\/blogdoedvaldomagalhaes.com.br\/index.php\/wp-json\/wp\/v2\/categories?post=119234"},{"taxonomy":"post_tag","embeddable":true,"href":"https:\/\/blogdoedvaldomagalhaes.com.br\/index.php\/wp-json\/wp\/v2\/tags?post=119234"}],"curies":[{"name":"wp","href":"https:\/\/api.w.org\/{rel}","templated":true}]}}