{"id":119231,"date":"2025-05-07T19:41:33","date_gmt":"2025-05-07T22:41:33","guid":{"rendered":"https:\/\/blogdoedvaldomagalhaes.com.br\/?p=119231"},"modified":"2025-05-07T19:41:33","modified_gmt":"2025-05-07T22:41:33","slug":"terceira-edicao-do-maes-no-monte-sera-realizada-com-servicos-gratuitos-nesta-quinta-feira-8","status":"publish","type":"post","link":"https:\/\/blogdoedvaldomagalhaes.com.br\/index.php\/2025\/05\/07\/terceira-edicao-do-maes-no-monte-sera-realizada-com-servicos-gratuitos-nesta-quinta-feira-8\/","title":{"rendered":"Terceira edi\u00e7\u00e3o do \u201cM\u00e3es no Monte\u201d ser\u00e1 realizada com servi\u00e7os gratuitos, nesta quinta-feira (8)"},"content":{"rendered":"<p>Terceira edi\u00e7\u00e3o do \u201cM\u00e3es no Monte\u201d ser\u00e1 realizada na pr\u00f3xima quinta-feira (8)<br \/>\n_Evento acontecer\u00e1 no Monte Bom Jesus e vai contar com servi\u00e7os gratuitos e apresenta\u00e7\u00f5es culturais._<\/p>\n<p>Em comemora\u00e7\u00e3o ao Dia da M\u00e3es, a Prefeitura de Caruaru, por meio da Secretaria da Mulher (SEMU), vai realizar na pr\u00f3xima quinta-feira (8) a terceira edi\u00e7\u00e3o do \u201cM\u00e3es no Monte\u201d, um evento que conta com apresenta\u00e7\u00f5es culturais e oferta diversos servi\u00e7os gratuitos \u00e0 popula\u00e7\u00e3o. A programa\u00e7\u00e3o ter\u00e1 in\u00edcio \u00e0s 15h, no Monte Bom Jesus. <\/p>\n<p>A a\u00e7\u00e3o ser\u00e1 realizada em parceria com as Secretarias de Sa\u00fade, de Desenvolvimento Social e Combate \u00e0 Fome, de Educa\u00e7\u00e3o e Esportes e a Funda\u00e7\u00e3o de Cultura. Durante o evento, as secretarias municipais e parceiros oferecer\u00e3o diversos servi\u00e7os e atividades, incluindo orienta\u00e7\u00f5es sobre sa\u00fade e qualidade de vida, assist\u00eancia jur\u00eddica, a\u00e7\u00f5es culturais e esportivas para todas as mulheres e a popula\u00e7\u00e3o em geral. <\/p>\n<p>Tamb\u00e9m haver\u00e1 apresenta\u00e7\u00e3o do grupo de dan\u00e7a Senhora Juventude, projeto da SEMU que conta com bailarinas com mais de 60 anos, e apresenta\u00e7\u00e3o do Coral Saber Viver, do Centro Integrado de Direitos Humanos e Secretaria de Assist\u00eancia Social e Combate \u00e0 Fome. Durante o evento, tamb\u00e9m ser\u00e1 realizada a Feira da Mulher Empreendedora, com venda de acess\u00f3rios, itens de decora\u00e7\u00e3o e artesanato produzidos pelas mulheres que fazem parte do Programa Mulher Empreendedora.<br \/>\nSiga o Instagram do Blog pelo @blogdoedvaldomagalhaes<br \/>\nFoto: Divulga\u00e7\u00e3o\/Secom\/PMC<\/p>\n","protected":false},"excerpt":{"rendered":"<p>Terceira edi\u00e7\u00e3o do \u201cM\u00e3es no Monte\u201d ser\u00e1 realizada na pr\u00f3xima quinta-feira (8) _Evento acontecer\u00e1 no Monte Bom Jesus e vai&hellip;<\/p>\n","protected":false},"author":1,"featured_media":119232,"comment_status":"closed","ping_status":"open","sticky":false,"template":"","format":"standard","meta":{"footnotes":""},"categories":[14120],"tags":[29440,27410,13146,28801,33543],"class_list":["post-119231","post","type-post","status-publish","format-standard","has-post-thumbnail","hentry","category-noticias","tag-blog-com-mais-visualizacao","tag-blog-de-caruaru","tag-blog-edvaldo-magalhaes","tag-blog-mais-acessado","tag-terceira-edicao-do-maes-no-monte-sera-realizada-com-servicos-gratuitos-nesta-quinta-feira-8"],"_links":{"self":[{"href":"https:\/\/blogdoedvaldomagalhaes.com.br\/index.php\/wp-json\/wp\/v2\/posts\/119231","targetHints":{"allow":["GET"]}}],"collection":[{"href":"https:\/\/blogdoedvaldomagalhaes.com.br\/index.php\/wp-json\/wp\/v2\/posts"}],"about":[{"href":"https:\/\/blogdoedvaldomagalhaes.com.br\/index.php\/wp-json\/wp\/v2\/types\/post"}],"author":[{"embeddable":true,"href":"https:\/\/blogdoedvaldomagalhaes.com.br\/index.php\/wp-json\/wp\/v2\/users\/1"}],"replies":[{"embeddable":true,"href":"https:\/\/blogdoedvaldomagalhaes.com.br\/index.php\/wp-json\/wp\/v2\/comments?post=119231"}],"version-history":[{"count":1,"href":"https:\/\/blogdoedvaldomagalhaes.com.br\/index.php\/wp-json\/wp\/v2\/posts\/119231\/revisions"}],"predecessor-version":[{"id":119233,"href":"https:\/\/blogdoedvaldomagalhaes.com.br\/index.php\/wp-json\/wp\/v2\/posts\/119231\/revisions\/119233"}],"wp:featuredmedia":[{"embeddable":true,"href":"https:\/\/blogdoedvaldomagalhaes.com.br\/index.php\/wp-json\/wp\/v2\/media\/119232"}],"wp:attachment":[{"href":"https:\/\/blogdoedvaldomagalhaes.com.br\/index.php\/wp-json\/wp\/v2\/media?parent=119231"}],"wp:term":[{"taxonomy":"category","embeddable":true,"href":"https:\/\/blogdoedvaldomagalhaes.com.br\/index.php\/wp-json\/wp\/v2\/categories?post=119231"},{"taxonomy":"post_tag","embeddable":true,"href":"https:\/\/blogdoedvaldomagalhaes.com.br\/index.php\/wp-json\/wp\/v2\/tags?post=119231"}],"curies":[{"name":"wp","href":"https:\/\/api.w.org\/{rel}","templated":true}]}}