{"id":119228,"date":"2025-05-07T19:32:20","date_gmt":"2025-05-07T22:32:20","guid":{"rendered":"https:\/\/blogdoedvaldomagalhaes.com.br\/?p=119228"},"modified":"2025-05-07T19:32:20","modified_gmt":"2025-05-07T22:32:20","slug":"prefeitura-apresenta-impacto-economico-e-turistico-do-sao-joao-de-caruaru-ao-rotary-club-mauricio-de-nassau","status":"publish","type":"post","link":"https:\/\/blogdoedvaldomagalhaes.com.br\/index.php\/2025\/05\/07\/prefeitura-apresenta-impacto-economico-e-turistico-do-sao-joao-de-caruaru-ao-rotary-club-mauricio-de-nassau\/","title":{"rendered":"Prefeitura apresenta impacto econ\u00f4mico e tur\u00edstico do S\u00e3o Jo\u00e3o de Caruaru ao Rotary Club Maur\u00edcio de Nassau"},"content":{"rendered":"<p>A Prefeitura de Caruaru, por meio da Secretaria de Desenvolvimento Econ\u00f4mico, Turismo, Tecnologia e Economia Criativa, realizou na tarde desta quarta-feira (07) uma reuni\u00e3o especial com os membros do Rotary Club Maur\u00edcio de Nassau. O encontro marcou um reencontro simb\u00f3lico entre o poder p\u00fablico e uma das institui\u00e7\u00f5es mais tradicionais da cidade, e teve como foco a apresenta\u00e7\u00e3o dos resultados econ\u00f4micos e tur\u00edsticos do S\u00e3o Jo\u00e3o de Caruaru.<\/p>\n<p>Durante a reuni\u00e3o, foram compartilhados dados que evidenciam a grandiosidade da festa, considerada o maior e melhor S\u00e3o Jo\u00e3o do mundo, e seu impacto direto na gera\u00e7\u00e3o de emprego e renda para a popula\u00e7\u00e3o caruaruense. A exposi\u00e7\u00e3o tamb\u00e9m destacou o fortalecimento da economia local, o crescimento do turismo regional e o papel da cultura como vetor de desenvolvimento.<\/p>\n<p>\u201cA troca de experi\u00eancias e a escuta de institui\u00e7\u00f5es como o Rotary s\u00e3o fundamentais para pensarmos uma cidade cada vez mais forte e conectada com suas tradi\u00e7\u00f5es. O S\u00e3o Jo\u00e3o \u00e9 mais do que uma festa: \u00e9 uma engrenagem que movimenta Caruaru o ano inteiro\u201d, destacou o secret\u00e1rio de Desenvolvimento Econ\u00f4mico, Turismo, Tecnologia e Economia Criativa, Jaime Anselmo.<\/p>\n<p>O encontro tamb\u00e9m refor\u00e7ou o compromisso da gest\u00e3o municipal com a valoriza\u00e7\u00e3o dos espa\u00e7os de di\u00e1logo e participa\u00e7\u00e3o social, estreitando la\u00e7os com entidades que atuam ativamente no desenvolvimento de Caruaru.<br \/>\nSeja seguidor do Instagram do Blog pelo @blogdoedvaldomagalhaes<br \/>\nFoto: Divulga\u00e7\u00e3o\/Secom\/PMC<\/p>\n","protected":false},"excerpt":{"rendered":"<p>A Prefeitura de Caruaru, por meio da Secretaria de Desenvolvimento Econ\u00f4mico, Turismo, Tecnologia e Economia Criativa, realizou na tarde desta&hellip;<\/p>\n","protected":false},"author":1,"featured_media":119229,"comment_status":"closed","ping_status":"open","sticky":false,"template":"","format":"standard","meta":{"footnotes":""},"categories":[14120],"tags":[28803,27410,13146,28801,6,33542],"class_list":["post-119228","post","type-post","status-publish","format-standard","has-post-thumbnail","hentry","category-noticias","tag-blog-com-mais-visualizacoes","tag-blog-de-caruaru","tag-blog-edvaldo-magalhaes","tag-blog-mais-acessado","tag-noticias","tag-prefeitura-apresenta-impacto-economico-e-turistico-do-sao-joao-de-caruaru-ao-rotary-club-mauricio-de-nassau"],"_links":{"self":[{"href":"https:\/\/blogdoedvaldomagalhaes.com.br\/index.php\/wp-json\/wp\/v2\/posts\/119228","targetHints":{"allow":["GET"]}}],"collection":[{"href":"https:\/\/blogdoedvaldomagalhaes.com.br\/index.php\/wp-json\/wp\/v2\/posts"}],"about":[{"href":"https:\/\/blogdoedvaldomagalhaes.com.br\/index.php\/wp-json\/wp\/v2\/types\/post"}],"author":[{"embeddable":true,"href":"https:\/\/blogdoedvaldomagalhaes.com.br\/index.php\/wp-json\/wp\/v2\/users\/1"}],"replies":[{"embeddable":true,"href":"https:\/\/blogdoedvaldomagalhaes.com.br\/index.php\/wp-json\/wp\/v2\/comments?post=119228"}],"version-history":[{"count":1,"href":"https:\/\/blogdoedvaldomagalhaes.com.br\/index.php\/wp-json\/wp\/v2\/posts\/119228\/revisions"}],"predecessor-version":[{"id":119230,"href":"https:\/\/blogdoedvaldomagalhaes.com.br\/index.php\/wp-json\/wp\/v2\/posts\/119228\/revisions\/119230"}],"wp:featuredmedia":[{"embeddable":true,"href":"https:\/\/blogdoedvaldomagalhaes.com.br\/index.php\/wp-json\/wp\/v2\/media\/119229"}],"wp:attachment":[{"href":"https:\/\/blogdoedvaldomagalhaes.com.br\/index.php\/wp-json\/wp\/v2\/media?parent=119228"}],"wp:term":[{"taxonomy":"category","embeddable":true,"href":"https:\/\/blogdoedvaldomagalhaes.com.br\/index.php\/wp-json\/wp\/v2\/categories?post=119228"},{"taxonomy":"post_tag","embeddable":true,"href":"https:\/\/blogdoedvaldomagalhaes.com.br\/index.php\/wp-json\/wp\/v2\/tags?post=119228"}],"curies":[{"name":"wp","href":"https:\/\/api.w.org\/{rel}","templated":true}]}}