{"id":119224,"date":"2025-05-07T19:23:11","date_gmt":"2025-05-07T22:23:11","guid":{"rendered":"https:\/\/blogdoedvaldomagalhaes.com.br\/?p=119224"},"modified":"2025-05-07T19:23:11","modified_gmt":"2025-05-07T22:23:11","slug":"dia-d-de-vacinacao-contra-a-influenza-sera-realizado-em-caruaru-neste-sabado-10","status":"publish","type":"post","link":"https:\/\/blogdoedvaldomagalhaes.com.br\/index.php\/2025\/05\/07\/dia-d-de-vacinacao-contra-a-influenza-sera-realizado-em-caruaru-neste-sabado-10\/","title":{"rendered":"Dia D de Vacina\u00e7\u00e3o Contra a Influenza ser\u00e1 realizado em Caruaru neste s\u00e1bado (10)"},"content":{"rendered":"<p>A Secretaria Municipal de Sa\u00fade (SMS), realizar\u00e1, neste s\u00e1bado (10), o Dia D da Campanha Nacional de Vacina\u00e7\u00e3o contra a Influenza, com pontos de imuniza\u00e7\u00e3o espalhados por toda a cidade e tamb\u00e9m na zona rural. A a\u00e7\u00e3o segue orienta\u00e7\u00e3o do Minist\u00e9rio da Sa\u00fade, que instituiu a data como marco nacional de mobiliza\u00e7\u00e3o para a imuniza\u00e7\u00e3o contra o v\u00edrus da gripe.<\/p>\n<p>A vacina\u00e7\u00e3o \u00e9 considerada a melhor estrat\u00e9gia de preven\u00e7\u00e3o contra a influenza e tem o objetivo de reduzir complica\u00e7\u00f5es, interna\u00e7\u00f5es e \u00f3bitos. Este ano, a vacina passa a integrar o Calend\u00e1rio Nacional de Vacina\u00e7\u00e3o de Rotina para alguns grupos, com aplica\u00e7\u00e3o tamb\u00e9m em formato de campanha especial para outros p\u00fablicos priorit\u00e1rios.<\/p>\n<p>Rotina: Crian\u00e7as de 6 meses a menores de 6 anos (5 anos, 11 meses e 29 dias); gestantes e idosos a partir de 60 anos.<\/p>\n<p>Campanha Especial (Grupos priorit\u00e1rios):<br \/>\nPu\u00e9rperas, povos ind\u00edgenas, quilombolas, pessoas em situa\u00e7\u00e3o de rua, trabalhadores da sa\u00fade, professores, for\u00e7as de seguran\u00e7a, for\u00e7as armadas, pessoas com defici\u00eancia, caminhoneiros, trabalhadores do transporte coletivo e portu\u00e1rios, popula\u00e7\u00e3o privada de liberdade e funcion\u00e1rios do sistema prisional, adolescentes sob medidas socioeducativas, pessoas com doen\u00e7as cr\u00f4nicas ou condi\u00e7\u00f5es cl\u00ednicas especiais e, neste ano, trabalhadores dos Correios, incluindo os da \u00e1rea administrativa, mediante apresenta\u00e7\u00e3o de documento que comprove o v\u00ednculo.<\/p>\n<p>Locais de vacina\u00e7\u00e3o no Dia D (10\/05): <\/p>\n<p>Pontos de apoio \u2013 8h \u00e0s 16h: Unicompras; Bonanza (Av. Portugal); Via Parque. O Caruaru Shopping funcionar\u00e1 das 9h \u00e0s 16h.<\/p>\n<p>Zona rural \u2013 8h \u00e0s 15h: Murici; Rafael<\/p>\n<p>Zona urbana \u2013 8h \u00e0s 16h: Alto do Moura; Caj\u00e1; Cip\u00f3; Complexo Jacqueline; Xique Xique; AME Pedro Justino; AME Maria Lyra, Luiz Bezerra Torres; Santa Rosa (2, 3 e 4); S\u00e3o Jo\u00e3o da Esc\u00f3cia (1, 3 e 4); Agamenon 1 e Encanto; Cidade Jardim; Dem\u00f3stenes Veras e Novo Mundo; Complexo Dr. Ant\u00f4nio Vieira; Salgado (1 e 2); Sinhazinha; Indian\u00f3polis; Jos\u00e9 Carlos de Oliveira (2 e 3) e Centro de Sa\u00fade da Boa Vista. <\/p>\n<p>A vacina\u00e7\u00e3o contra a Influenza \u00e9 uma das ferramentas mais eficazes que temos para proteger a popula\u00e7\u00e3o, especialmente os grupos mais vulner\u00e1veis, como crian\u00e7as, idosos e gestantes.<\/p>\n<p>\u201cCom a chegada do per\u00edodo de maior circula\u00e7\u00e3o do v\u00edrus, \u00e9 fundamental ampliar a cobertura vacinal e reduzir o risco de complica\u00e7\u00f5es graves, interna\u00e7\u00f5es e at\u00e9 \u00f3bitos. O Dia D \u00e9 uma grande mobiliza\u00e7\u00e3o nacional que visa facilitar o acesso \u00e0 vacina e conscientizar sobre a import\u00e2ncia da preven\u00e7\u00e3o. Nosso objetivo \u00e9 garantir que todos os p\u00fablicos priorit\u00e1rios sejam imunizados a tempo e com seguran\u00e7a\u201d, disse a coordenadora do Programa Nacional de Imuniza\u00e7\u00e3o, Tatiane Lino.<br \/>\nSiga o Instagram do Blog pelo @blogdoedvaldomagalhaes<br \/>\nFoto: Divulga\u00e7\u00e3o <\/p>\n","protected":false},"excerpt":{"rendered":"<p>A Secretaria Municipal de Sa\u00fade (SMS), realizar\u00e1, neste s\u00e1bado (10), o Dia D da Campanha Nacional de Vacina\u00e7\u00e3o contra a&hellip;<\/p>\n","protected":false},"author":1,"featured_media":119226,"comment_status":"closed","ping_status":"open","sticky":false,"template":"","format":"standard","meta":{"footnotes":""},"categories":[14120],"tags":[30592,27410,2,28801,33541],"class_list":["post-119224","post","type-post","status-publish","format-standard","has-post-thumbnail","hentry","category-noticias","tag-blog-com-mais-seguidores","tag-blog-de-caruaru","tag-blog-do-edvaldo-magalhaes","tag-blog-mais-acessado","tag-dia-d-de-vacinacao-contra-a-influenza-sera-realizado-em-caruaru-neste-sabado-10"],"_links":{"self":[{"href":"https:\/\/blogdoedvaldomagalhaes.com.br\/index.php\/wp-json\/wp\/v2\/posts\/119224","targetHints":{"allow":["GET"]}}],"collection":[{"href":"https:\/\/blogdoedvaldomagalhaes.com.br\/index.php\/wp-json\/wp\/v2\/posts"}],"about":[{"href":"https:\/\/blogdoedvaldomagalhaes.com.br\/index.php\/wp-json\/wp\/v2\/types\/post"}],"author":[{"embeddable":true,"href":"https:\/\/blogdoedvaldomagalhaes.com.br\/index.php\/wp-json\/wp\/v2\/users\/1"}],"replies":[{"embeddable":true,"href":"https:\/\/blogdoedvaldomagalhaes.com.br\/index.php\/wp-json\/wp\/v2\/comments?post=119224"}],"version-history":[{"count":1,"href":"https:\/\/blogdoedvaldomagalhaes.com.br\/index.php\/wp-json\/wp\/v2\/posts\/119224\/revisions"}],"predecessor-version":[{"id":119227,"href":"https:\/\/blogdoedvaldomagalhaes.com.br\/index.php\/wp-json\/wp\/v2\/posts\/119224\/revisions\/119227"}],"wp:featuredmedia":[{"embeddable":true,"href":"https:\/\/blogdoedvaldomagalhaes.com.br\/index.php\/wp-json\/wp\/v2\/media\/119226"}],"wp:attachment":[{"href":"https:\/\/blogdoedvaldomagalhaes.com.br\/index.php\/wp-json\/wp\/v2\/media?parent=119224"}],"wp:term":[{"taxonomy":"category","embeddable":true,"href":"https:\/\/blogdoedvaldomagalhaes.com.br\/index.php\/wp-json\/wp\/v2\/categories?post=119224"},{"taxonomy":"post_tag","embeddable":true,"href":"https:\/\/blogdoedvaldomagalhaes.com.br\/index.php\/wp-json\/wp\/v2\/tags?post=119224"}],"curies":[{"name":"wp","href":"https:\/\/api.w.org\/{rel}","templated":true}]}}