{"id":119221,"date":"2025-05-07T19:13:28","date_gmt":"2025-05-07T22:13:28","guid":{"rendered":"https:\/\/blogdoedvaldomagalhaes.com.br\/?p=119221"},"modified":"2025-05-07T19:13:28","modified_gmt":"2025-05-07T22:13:28","slug":"duas-pessoas-sao-presas-em-operacao-de-combate-ao-furto-de-agua-em-caruaru","status":"publish","type":"post","link":"https:\/\/blogdoedvaldomagalhaes.com.br\/index.php\/2025\/05\/07\/duas-pessoas-sao-presas-em-operacao-de-combate-ao-furto-de-agua-em-caruaru\/","title":{"rendered":"Duas pessoas s\u00e3o presas em opera\u00e7\u00e3o de combate ao furto de \u00e1gua em Caruaru"},"content":{"rendered":"<p>Uma opera\u00e7\u00e3o policial de combate a liga\u00e7\u00f5es clandestinas realizada esta semana na zona rural de Caruaru resultou no in\u00edcio da regulariza\u00e7\u00e3o do abastecimento de \u00e1gua na comunidade Gon\u00e7alves Ferreira, que estava sem receber \u00e1gua devido aos furtos, e na pris\u00e3o de duas pessoas. Durante a a\u00e7\u00e3o da Compesa, articulada pela Coordena\u00e7\u00e3o de Seguran\u00e7a Patrimonial, foram identificadas e retiradas 33 liga\u00e7\u00f5es clandestinas ao longo de seis quil\u00f4metros da adutora que transporta \u00e1gua do Rio S\u00e3o Francisco para a localidade de Gon\u00e7alves Ferreira. A opera\u00e7\u00e3o contou com apoio das pol\u00edcias Civil e Militar, Corpo de Bombeiros, Secretaria de Fazenda, Vigil\u00e2ncia Sanit\u00e1ria e Instituto de Criminal\u00edstica. <\/p>\n<p>O primeiro flagrante ocorreu na \u00faltima segunda-feira (5) nas proximidades do S\u00edtio Umburana. No local, foram apreendidos tr\u00eas conjuntos motobomba de alta pot\u00eancia que desviavam cerca de 1 milh\u00e3o de litros de \u00e1gua por m\u00eas e destinavam o recurso para irriga\u00e7\u00e3o de capim, planta\u00e7\u00e3o de coqueiros, al\u00e9m de cria\u00e7\u00e3o de gado e aves. O volume de \u00e1gua desviado seria suficiente para abastecer 100 resid\u00eancias durante todo o m\u00eas. O dono da propriedade foi preso em flagrante.<\/p>\n<p>A segunda pris\u00e3o ocorreu ontem (6) no bairro das Rendeiras (pr\u00f3ximo \u00e0 comunidade de Gon\u00e7alves Ferreira). Em um galp\u00e3o, na travessa Major Jo\u00e3o Coelho, onde foi constru\u00edda uma esp\u00e9cie de lago, dezenas de caminh\u00f5es-pipa eram abastecidos de forma irregular.  O propriet\u00e1rio do local tamb\u00e9m foi preso. Com essa opera\u00e7\u00e3o, a expectativa da Compesa agora \u00e9 normalizar a distribui\u00e7\u00e3o de \u00e1gua em todas as \u00e1reas da Gon\u00e7alves Ferreira at\u00e9 a pr\u00f3xima ter\u00e7a feira (13).<\/p>\n<p>Todas as irregularidades encontradas durante a opera\u00e7\u00e3o ser\u00e3o denunciadas tamb\u00e9m ao Minist\u00e9rio P\u00fablico. Ao desviar \u00e1gua em liga\u00e7\u00f5es clandestinas, h\u00e1 infra\u00e7\u00e3o do c\u00f3digo penal: artigo 155 (furto) e artigo 265 (atentado ao funcionamento do servi\u00e7o p\u00fablico de abastecimento de \u00e1gua), com penas previstas de um a cinco anos de reclus\u00e3o e multas, que podem variar entre R$ 5 mil a R$ 50 mil reais. Al\u00e9m disso, o furto de \u00e1gua prejudica o abastecimento da popula\u00e7\u00e3o e tamb\u00e9m o funcionamento de equipamentos como hospitais, escolas, creches, asilos e \u00f3rg\u00e3os p\u00fablicos. Por isso, qualquer pessoa pode denunciar essa situa\u00e7\u00e3o, de forma an\u00f4nima, no site www.compesa.com.br, pela ouvidoria, ou no aplicativo da Compesa. Foto: Divulga\u00e7\u00e3o<br \/>\nSeja seguidor do Instagram do Blog pelo @blogdoedvaldomagalhaes<\/p>\n","protected":false},"excerpt":{"rendered":"<p>Uma opera\u00e7\u00e3o policial de combate a liga\u00e7\u00f5es clandestinas realizada esta semana na zona rural de Caruaru resultou no in\u00edcio da&hellip;<\/p>\n","protected":false},"author":1,"featured_media":119222,"comment_status":"closed","ping_status":"open","sticky":false,"template":"","format":"standard","meta":{"footnotes":""},"categories":[14120],"tags":[29440,27410,13146,28801,33540,6],"class_list":["post-119221","post","type-post","status-publish","format-standard","has-post-thumbnail","hentry","category-noticias","tag-blog-com-mais-visualizacao","tag-blog-de-caruaru","tag-blog-edvaldo-magalhaes","tag-blog-mais-acessado","tag-duas-pessoas-sao-presas-em-operacao-de-combate-ao-furto-de-agua-em-caruaru","tag-noticias"],"_links":{"self":[{"href":"https:\/\/blogdoedvaldomagalhaes.com.br\/index.php\/wp-json\/wp\/v2\/posts\/119221","targetHints":{"allow":["GET"]}}],"collection":[{"href":"https:\/\/blogdoedvaldomagalhaes.com.br\/index.php\/wp-json\/wp\/v2\/posts"}],"about":[{"href":"https:\/\/blogdoedvaldomagalhaes.com.br\/index.php\/wp-json\/wp\/v2\/types\/post"}],"author":[{"embeddable":true,"href":"https:\/\/blogdoedvaldomagalhaes.com.br\/index.php\/wp-json\/wp\/v2\/users\/1"}],"replies":[{"embeddable":true,"href":"https:\/\/blogdoedvaldomagalhaes.com.br\/index.php\/wp-json\/wp\/v2\/comments?post=119221"}],"version-history":[{"count":1,"href":"https:\/\/blogdoedvaldomagalhaes.com.br\/index.php\/wp-json\/wp\/v2\/posts\/119221\/revisions"}],"predecessor-version":[{"id":119223,"href":"https:\/\/blogdoedvaldomagalhaes.com.br\/index.php\/wp-json\/wp\/v2\/posts\/119221\/revisions\/119223"}],"wp:featuredmedia":[{"embeddable":true,"href":"https:\/\/blogdoedvaldomagalhaes.com.br\/index.php\/wp-json\/wp\/v2\/media\/119222"}],"wp:attachment":[{"href":"https:\/\/blogdoedvaldomagalhaes.com.br\/index.php\/wp-json\/wp\/v2\/media?parent=119221"}],"wp:term":[{"taxonomy":"category","embeddable":true,"href":"https:\/\/blogdoedvaldomagalhaes.com.br\/index.php\/wp-json\/wp\/v2\/categories?post=119221"},{"taxonomy":"post_tag","embeddable":true,"href":"https:\/\/blogdoedvaldomagalhaes.com.br\/index.php\/wp-json\/wp\/v2\/tags?post=119221"}],"curies":[{"name":"wp","href":"https:\/\/api.w.org\/{rel}","templated":true}]}}