{"id":119215,"date":"2025-05-07T13:58:44","date_gmt":"2025-05-07T16:58:44","guid":{"rendered":"https:\/\/blogdoedvaldomagalhaes.com.br\/?p=119215"},"modified":"2025-05-07T13:58:44","modified_gmt":"2025-05-07T16:58:44","slug":"anderson-correia-ministra-treinamento-a-guarda-municipal-de-altinho-sobre-diligencias-em-casos-de-maus-tratos-a-animais","status":"publish","type":"post","link":"https:\/\/blogdoedvaldomagalhaes.com.br\/index.php\/2025\/05\/07\/anderson-correia-ministra-treinamento-a-guarda-municipal-de-altinho-sobre-diligencias-em-casos-de-maus-tratos-a-animais\/","title":{"rendered":"Anderson Correia ministra treinamento \u00e0 Guarda Municipal de Altinho sobre dilig\u00eancias em casos de maus-tratos a animais"},"content":{"rendered":"<p>Refer\u00eancia no combate aos maus-tratos contra animais em Pernambuco, o vereador Anderson Correia (PP) realizou, na manh\u00e3 desta quarta-feira (07), um treinamento voltado \u00e0 Guarda Municipal de Altinho. A capacita\u00e7\u00e3o aconteceu na C\u00e2mara de Vereadores do munic\u00edpio, a convite da Prefeitura de Altinho e da vereadora Lorena Vaqueira, que articulou a agenda.<\/p>\n<p>Durante o encontro, Anderson Correia \u2014 que tamb\u00e9m \u00e9 advogado animalista \u2014 compartilhou orienta\u00e7\u00f5es t\u00e9cnicas sobre como a Guarda Municipal deve atuar diante de den\u00fancias de maus-tratos a animais. O treinamento abordou, de forma pr\u00e1tica e objetiva, os procedimentos de dilig\u00eancia, apresenta\u00e7\u00e3o de legisla\u00e7\u00f5es aplic\u00e1veis e estudos de casos reais, sempre com base no Direito Animal. A iniciativa refor\u00e7a a import\u00e2ncia da capacita\u00e7\u00e3o das for\u00e7as de seguran\u00e7a para o enfrentamento aos crimes contra animais e marca mais um passo na constru\u00e7\u00e3o de pol\u00edticas p\u00fablicas voltadas \u00e0 causa animal no interior do estado.<\/p>\n<p>\u201cO objetivo \u00e9 preparar os agentes para que saibam como agir corretamente, de forma legal e eficiente, em ocorr\u00eancias que envolvam a prote\u00e7\u00e3o e o bem-estar dos animais. Minha gratid\u00e3o ao prefeito Marivaldo Pena, bem como a vereador Lorena, por me convidar para avan\u00e7armos nesta pauta t\u00e3o importante, que \u00e9 o direito animal nos munic\u00edpios. Vamos seguir firmes nesta miss\u00e3o, para que outras cidades de Pernambuco tamb\u00e9m capacite suas guardas municipais neste sentido\u201d, destacou o vereador.<br \/>\nSiga o Instagram do Blog pelo @blogdoedvaldomagalhaes<br \/>\nFoto: Divulga\u00e7\u00e3o<\/p>\n","protected":false},"excerpt":{"rendered":"<p>Refer\u00eancia no combate aos maus-tratos contra animais em Pernambuco, o vereador Anderson Correia (PP) realizou, na manh\u00e3 desta quarta-feira (07),&hellip;<\/p>\n","protected":false},"author":1,"featured_media":119216,"comment_status":"closed","ping_status":"open","sticky":false,"template":"","format":"standard","meta":{"footnotes":""},"categories":[14122],"tags":[33538,29440,27410,13146,28801,20],"class_list":["post-119215","post","type-post","status-publish","format-standard","has-post-thumbnail","hentry","category-politica","tag-anderson-correia-ministra-treinamento-a-guarda-municipal-de-altinho-sobre-diligencias-em-casos-de-maus-tratos-a-animais","tag-blog-com-mais-visualizacao","tag-blog-de-caruaru","tag-blog-edvaldo-magalhaes","tag-blog-mais-acessado","tag-politica"],"_links":{"self":[{"href":"https:\/\/blogdoedvaldomagalhaes.com.br\/index.php\/wp-json\/wp\/v2\/posts\/119215","targetHints":{"allow":["GET"]}}],"collection":[{"href":"https:\/\/blogdoedvaldomagalhaes.com.br\/index.php\/wp-json\/wp\/v2\/posts"}],"about":[{"href":"https:\/\/blogdoedvaldomagalhaes.com.br\/index.php\/wp-json\/wp\/v2\/types\/post"}],"author":[{"embeddable":true,"href":"https:\/\/blogdoedvaldomagalhaes.com.br\/index.php\/wp-json\/wp\/v2\/users\/1"}],"replies":[{"embeddable":true,"href":"https:\/\/blogdoedvaldomagalhaes.com.br\/index.php\/wp-json\/wp\/v2\/comments?post=119215"}],"version-history":[{"count":1,"href":"https:\/\/blogdoedvaldomagalhaes.com.br\/index.php\/wp-json\/wp\/v2\/posts\/119215\/revisions"}],"predecessor-version":[{"id":119217,"href":"https:\/\/blogdoedvaldomagalhaes.com.br\/index.php\/wp-json\/wp\/v2\/posts\/119215\/revisions\/119217"}],"wp:featuredmedia":[{"embeddable":true,"href":"https:\/\/blogdoedvaldomagalhaes.com.br\/index.php\/wp-json\/wp\/v2\/media\/119216"}],"wp:attachment":[{"href":"https:\/\/blogdoedvaldomagalhaes.com.br\/index.php\/wp-json\/wp\/v2\/media?parent=119215"}],"wp:term":[{"taxonomy":"category","embeddable":true,"href":"https:\/\/blogdoedvaldomagalhaes.com.br\/index.php\/wp-json\/wp\/v2\/categories?post=119215"},{"taxonomy":"post_tag","embeddable":true,"href":"https:\/\/blogdoedvaldomagalhaes.com.br\/index.php\/wp-json\/wp\/v2\/tags?post=119215"}],"curies":[{"name":"wp","href":"https:\/\/api.w.org\/{rel}","templated":true}]}}