{"id":119207,"date":"2025-05-07T10:19:00","date_gmt":"2025-05-07T13:19:00","guid":{"rendered":"https:\/\/blogdoedvaldomagalhaes.com.br\/?p=119207"},"modified":"2025-05-07T12:55:49","modified_gmt":"2025-05-07T15:55:49","slug":"homem-e-assassinado-e-outro-fica-ferido-na-br-232","status":"publish","type":"post","link":"https:\/\/blogdoedvaldomagalhaes.com.br\/index.php\/2025\/05\/07\/homem-e-assassinado-e-outro-fica-ferido-na-br-232\/","title":{"rendered":"Homem \u00e9 assassinado e outro fica ferido na BR 232"},"content":{"rendered":"<p>Um homic\u00eddio foi registrado no Km 138 da BR 232, entre os munic\u00edpios de Caruaru e S\u00e3o Caitano, no Agreste de Pernambuco. Segundo informa\u00e7\u00f5es da pol\u00edcia dois homens estavam em uma motocicleta Yamaha Fazer de placa SOG6E84, na al\u00e7a de retorno sentido Caruaru\/S\u00e3o Caitano, nas proximidades da entrada da Vila Peladas, Zona Rural de Caruaru, quando o homem que estava guiando a moto foi alvejado por um disparo de arma de fogo na cabe\u00e7a e morreu no local, j\u00e1 o garupa tamb\u00e9m foi atingido, sendo socorrido para o Hospital Regional do Agreste (HRA). O corpo ser\u00e1 encaminhado ao IML de Caruaru.<br \/>\nEste foi o 5\u00b0 homic\u00eddio no m\u00eas de maio e 36\u00b0 no ano de 2025, em Caruaru.<br \/>\nSeja seguidor do Instagram do Blog pelo @blogdoedvaldomagalhaes<\/p>\n<p><img loading=\"lazy\" decoding=\"async\" src=\"https:\/\/blogdoedvaldomagalhaes.com.br\/wp-content\/uploads\/2025\/05\/img-20250507-wa01328831337036758722035.jpg\" class=\"wp-image-119213 alignnone size-full\" width=\"1242\" height=\"1265\" srcset=\"https:\/\/blogdoedvaldomagalhaes.com.br\/wp-content\/uploads\/2025\/05\/img-20250507-wa01328831337036758722035.jpg 1242w, https:\/\/blogdoedvaldomagalhaes.com.br\/wp-content\/uploads\/2025\/05\/img-20250507-wa01328831337036758722035-295x300.jpg 295w, https:\/\/blogdoedvaldomagalhaes.com.br\/wp-content\/uploads\/2025\/05\/img-20250507-wa01328831337036758722035-1005x1024.jpg 1005w, https:\/\/blogdoedvaldomagalhaes.com.br\/wp-content\/uploads\/2025\/05\/img-20250507-wa01328831337036758722035-768x782.jpg 768w\" sizes=\"auto, (max-width: 1242px) 100vw, 1242px\" \/>Foto da v\u00edtima<\/p>\n","protected":false},"excerpt":{"rendered":"<p>Um homic\u00eddio foi registrado no Km 138 da BR 232, entre os munic\u00edpios de Caruaru e S\u00e3o Caitano, no Agreste&hellip;<\/p>\n","protected":false},"author":1,"featured_media":119208,"comment_status":"closed","ping_status":"open","sticky":false,"template":"","format":"standard","meta":{"footnotes":""},"categories":[14121],"tags":[28803,27410,13146,28801,33536,5448],"class_list":["post-119207","post","type-post","status-publish","format-standard","has-post-thumbnail","hentry","category-policial","tag-blog-com-mais-visualizacoes","tag-blog-de-caruaru","tag-blog-edvaldo-magalhaes","tag-blog-mais-acessado","tag-homem-e-assassinado-e-outro-fica-ferido-na-br-232","tag-homicidio"],"_links":{"self":[{"href":"https:\/\/blogdoedvaldomagalhaes.com.br\/index.php\/wp-json\/wp\/v2\/posts\/119207","targetHints":{"allow":["GET"]}}],"collection":[{"href":"https:\/\/blogdoedvaldomagalhaes.com.br\/index.php\/wp-json\/wp\/v2\/posts"}],"about":[{"href":"https:\/\/blogdoedvaldomagalhaes.com.br\/index.php\/wp-json\/wp\/v2\/types\/post"}],"author":[{"embeddable":true,"href":"https:\/\/blogdoedvaldomagalhaes.com.br\/index.php\/wp-json\/wp\/v2\/users\/1"}],"replies":[{"embeddable":true,"href":"https:\/\/blogdoedvaldomagalhaes.com.br\/index.php\/wp-json\/wp\/v2\/comments?post=119207"}],"version-history":[{"count":2,"href":"https:\/\/blogdoedvaldomagalhaes.com.br\/index.php\/wp-json\/wp\/v2\/posts\/119207\/revisions"}],"predecessor-version":[{"id":119214,"href":"https:\/\/blogdoedvaldomagalhaes.com.br\/index.php\/wp-json\/wp\/v2\/posts\/119207\/revisions\/119214"}],"wp:featuredmedia":[{"embeddable":true,"href":"https:\/\/blogdoedvaldomagalhaes.com.br\/index.php\/wp-json\/wp\/v2\/media\/119208"}],"wp:attachment":[{"href":"https:\/\/blogdoedvaldomagalhaes.com.br\/index.php\/wp-json\/wp\/v2\/media?parent=119207"}],"wp:term":[{"taxonomy":"category","embeddable":true,"href":"https:\/\/blogdoedvaldomagalhaes.com.br\/index.php\/wp-json\/wp\/v2\/categories?post=119207"},{"taxonomy":"post_tag","embeddable":true,"href":"https:\/\/blogdoedvaldomagalhaes.com.br\/index.php\/wp-json\/wp\/v2\/tags?post=119207"}],"curies":[{"name":"wp","href":"https:\/\/api.w.org\/{rel}","templated":true}]}}