{"id":119204,"date":"2025-05-06T20:40:56","date_gmt":"2025-05-06T23:40:56","guid":{"rendered":"https:\/\/blogdoedvaldomagalhaes.com.br\/?p=119204"},"modified":"2025-05-06T20:40:56","modified_gmt":"2025-05-06T23:40:56","slug":"governadora-raquel-lyra-e-o-ministro-renan-filho-assinam-ordem-de-servico-para-importante-revitalizacao-da-br-232","status":"publish","type":"post","link":"https:\/\/blogdoedvaldomagalhaes.com.br\/index.php\/2025\/05\/06\/governadora-raquel-lyra-e-o-ministro-renan-filho-assinam-ordem-de-servico-para-importante-revitalizacao-da-br-232\/","title":{"rendered":"Governadora Raquel Lyra e o ministro Renan Filho assinam ordem de servi\u00e7o para importante revitaliza\u00e7\u00e3o da BR-232"},"content":{"rendered":"<p><span style=\"font-size: revert;\">_Ser\u00e3o 25,5 quil\u00f4metros de extens\u00e3o da via que receber\u00e3o uma manuten\u00e7\u00e3o robusta pela primeira vez_<\/span><\/p>\n<p>Uma grande obra de revitaliza\u00e7\u00e3o ser\u00e1 realizada em uma das rodovias mais importantes de acesso ao interior de Pernambuco, a BR-232, sendo a primeira vez de uma restaura\u00e7\u00e3o desse porte desde a entrega da duplica\u00e7\u00e3o, que tem mais de 20 anos. O Governo do Estado realizar\u00e1 uma manuten\u00e7\u00e3o robusta em 25,5 quil\u00f4metros de extens\u00e3o da via, entre o entroncamento com a BR-408 (Viaduto de Itapacur\u00e1) at\u00e9 o entroncamento com a PE-050 (Travessia Urbana de Vit\u00f3ria de Santo Ant\u00e3o). Nesta ter\u00e7a-feira (6), em agenda em Bras\u00edlia, a governadora Raquel Lyra e o ministro dos Transportes, Renan Filho, assinaram a ordem de servi\u00e7o para iniciar a revitaliza\u00e7\u00e3o.<\/p>\n<p>&#8220;Essa \u00e9 mais uma a\u00e7\u00e3o do programa PE na Estrada, levando desenvolvimento social e econ\u00f4mico para os pernambucanos atrav\u00e9s da melhoria das nossas estradas. Esse trecho era muito cr\u00edtico e n\u00f3s vamos investir na sua revitaliza\u00e7\u00e3o com recursos de emendas de deputados e da bancada federal de Pernambuco. Quando chove na regi\u00e3o, a \u00e1rea apresenta muito risco, mas agora vamos fazer a requalifica\u00e7\u00e3o do trecho e garantir mais seguran\u00e7a \u00e0 popula\u00e7\u00e3o. Assinamos a ordem de servi\u00e7o com o ministro Renan, um grande parceiro para Pernambuco\u201d, ressaltou a governadora Raquel Lyra.<\/p>\n<p>O ministro Renan Filho destacou o andamento das obras. \u201cA requalifica\u00e7\u00e3o da BR-232 est\u00e1 andando com o Governo de Pernambuco e a ajuda da bancada federal. Estamos tamb\u00e9m terminando o projeto de duplica\u00e7\u00e3o de S\u00e3o Caetano at\u00e9 Arcoverde, que \u00e9 uma obra muito importante. A agenda de Pernambuco, que considera rodovias e a ferrovia Transnordestina, est\u00e1 andando bem e vamos seguir trabalhando, porque a determina\u00e7\u00e3o do presidente Lula \u00e9 que Pernambuco esteja presente aqui no minist\u00e9rio para ajudar o estado que precisa se desenvolver ainda mais\u201d, disse o ministro.<\/p>\n<p>A revitaliza\u00e7\u00e3o na BR-232 beneficiar\u00e1 diretamente os munic\u00edpios de Recife, Moreno e Vit\u00f3ria de Santo Ant\u00e3o, atendendo aproximadamente 1,68 milh\u00e3o de usu\u00e1rios da via. A obra visa garantir a conserva\u00e7\u00e3o estrutural da rodovia, com foco em servi\u00e7os de manuten\u00e7\u00e3o preventiva, emergencial e corretiva, impactando positivamente a mobilidade urbana e regional. O prazo de execu\u00e7\u00e3o \u00e9 de at\u00e9 36 meses a partir da ordem de servi\u00e7o.<\/p>\n<p>O investimento para a obra, de R$ 41 milh\u00f5es, foi destravado pelo Governo do Estado atrav\u00e9s de uma articula\u00e7\u00e3o com o governo federal. O recurso, que n\u00e3o estava sendo executado desde 2020, foi destinado pelo governo federal atrav\u00e9s de emendas dos deputados Eduardo da Fonte e Fernando Monteiro e da bancada federal na C\u00e2mara. A licita\u00e7\u00e3o foi realizada pela gest\u00e3o estadual e a empresa que realizar\u00e1 as obras j\u00e1 foi selecionada.<\/p>\n<p>O secret\u00e1rio de Mobilidade e Infraestrutura, Diogo Bezerra, explicou o tamanho da obra. \u201cEssa \u00e9 uma revitaliza\u00e7\u00e3o que nunca foi feita e, agora, atrav\u00e9s da determina\u00e7\u00e3o da governadora Raquel Lyra, ser\u00e1 destravada. Ela \u00e9 uma restaura\u00e7\u00e3o de maior parte na via porque, al\u00e9m de contemplar uma qualidade melhor no asfalto, ser\u00e1 feita uma a\u00e7\u00e3o na parte da placa de concreto, que houve desgaste e nunca tinha recebido revitaliza\u00e7\u00e3o\u201d, explicou o secret\u00e1rio.<\/p>\n<p>*DUPLICA\u00c7\u00c3O* &#8211; A revitaliza\u00e7\u00e3o do trecho da BR-232 vai se somar \u00e0s obras de duplica\u00e7\u00e3o da rodovia que j\u00e1 foram anunciadas pela governadora Raquel Lyra. Em novembro do ano passado, o Governo de Pernambuco publicou dois editais de licita\u00e7\u00e3o para contrata\u00e7\u00e3o de empresas que ser\u00e3o respons\u00e1veis pela elabora\u00e7\u00e3o dos projetos de duplica\u00e7\u00e3o e restaura\u00e7\u00e3o da estrada do munic\u00edpio de S\u00e3o Caetano, no Agreste, at\u00e9 Serra Talhada, no Sert\u00e3o.<\/p>\n<p>A obra compreende uma extens\u00e3o de 264,9 quil\u00f4metros e ser\u00e1 dividida em dois lotes. O primeiro inclui o trecho entre S\u00e3o Caetano e Arcoverde, com uma extens\u00e3o de 108,9 quil\u00f4metros. J\u00e1 o segundo, atende ao trecho entre Arcoverde e Serra Talhada, com 156 quil\u00f4metros de extens\u00e3o. A previs\u00e3o \u00e9 de que as obras sejam iniciadas no primeiro semestre de 2026.<\/p>\n<p>*PE-027* &#8211; Ainda durante agenda em Bras\u00edlia, a governadora Raquel Lyra esteve reunida com o deputado estadual Jo\u00e3o de Nadegi e o prefeito de Camaragibe, Diego Cabral, para anunciar investimentos no munic\u00edpio localizado na Regi\u00e3o Metropolitana do Recife. No pr\u00f3ximo dia 28 de maio ser\u00e1 publicado o edital de licita\u00e7\u00e3o para a recupera\u00e7\u00e3o da PE-027, via conhecida como Estrada de Aldeia, com investimento estadual na ordem de R$ 112,7 milh\u00f5es.<\/p>\n<p>&#8220;A PE-027 \u00e9 um eixo fundamental no desenvolvimento econ\u00f4mico e social para toda aquela regi\u00e3o. Agrade\u00e7o \u00e0 governadora Raquel Lyra por essa parceria&#8221;, disse o deputado estadual Jo\u00e3o de Nadegi. &#8220;Viemos tratar de grandes investimentos para Camaragibe que ir\u00e3o impactar na vida das pessoas, como a PE-027. \u00c9 mais desenvolvimento chegando para a nossa cidade&#8221;, comemorou o prefeito de Camaragibe, Diego Cabral.<\/p>\n<p>O prefeito de Toritama, S\u00e9rgio Colin, tamb\u00e9m participou de uma audi\u00eancia com a governadora e o ministro, e dialogou sobre obras estruturantes para o desenvolvimento do munic\u00edpio e regi\u00e3o, como a restaura\u00e7\u00e3o e duplica\u00e7\u00e3o da BR-104.<\/p>\n<p>Estiveram presentes no evento o senador Fernando Dueire; os deputados federais Lula da Fonte, Eduardo da Fonte, Carlos Veras e Augusto Coutinho; e os secret\u00e1rios estaduais Fabr\u00edcio Marques (Planejamento, Gest\u00e3o e Desenvolvimento Regional) e T\u00falio Vila\u00e7a (Casa Civil).<span style=\"font-size: revert;\">Foto: <\/span><span style=\"font-size: revert;\">Divulga\u00e7\u00e3o\/Semobi<br \/>\nSiga o Instagram do Blog e comente pelo @blogdoedvaldomagalhaes<\/span><\/p>\n","protected":false},"excerpt":{"rendered":"<p>_Ser\u00e3o 25,5 quil\u00f4metros de extens\u00e3o da via que receber\u00e3o uma manuten\u00e7\u00e3o robusta pela primeira vez_ Uma grande obra de revitaliza\u00e7\u00e3o&hellip;<\/p>\n","protected":false},"author":1,"featured_media":119205,"comment_status":"closed","ping_status":"open","sticky":false,"template":"","format":"standard","meta":{"footnotes":""},"categories":[14120],"tags":[30592,27410,2,28801,20,1229],"class_list":["post-119204","post","type-post","status-publish","format-standard","has-post-thumbnail","hentry","category-noticias","tag-blog-com-mais-seguidores","tag-blog-de-caruaru","tag-blog-do-edvaldo-magalhaes","tag-blog-mais-acessado","tag-politica","tag-raquel-lyra"],"_links":{"self":[{"href":"https:\/\/blogdoedvaldomagalhaes.com.br\/index.php\/wp-json\/wp\/v2\/posts\/119204","targetHints":{"allow":["GET"]}}],"collection":[{"href":"https:\/\/blogdoedvaldomagalhaes.com.br\/index.php\/wp-json\/wp\/v2\/posts"}],"about":[{"href":"https:\/\/blogdoedvaldomagalhaes.com.br\/index.php\/wp-json\/wp\/v2\/types\/post"}],"author":[{"embeddable":true,"href":"https:\/\/blogdoedvaldomagalhaes.com.br\/index.php\/wp-json\/wp\/v2\/users\/1"}],"replies":[{"embeddable":true,"href":"https:\/\/blogdoedvaldomagalhaes.com.br\/index.php\/wp-json\/wp\/v2\/comments?post=119204"}],"version-history":[{"count":1,"href":"https:\/\/blogdoedvaldomagalhaes.com.br\/index.php\/wp-json\/wp\/v2\/posts\/119204\/revisions"}],"predecessor-version":[{"id":119206,"href":"https:\/\/blogdoedvaldomagalhaes.com.br\/index.php\/wp-json\/wp\/v2\/posts\/119204\/revisions\/119206"}],"wp:featuredmedia":[{"embeddable":true,"href":"https:\/\/blogdoedvaldomagalhaes.com.br\/index.php\/wp-json\/wp\/v2\/media\/119205"}],"wp:attachment":[{"href":"https:\/\/blogdoedvaldomagalhaes.com.br\/index.php\/wp-json\/wp\/v2\/media?parent=119204"}],"wp:term":[{"taxonomy":"category","embeddable":true,"href":"https:\/\/blogdoedvaldomagalhaes.com.br\/index.php\/wp-json\/wp\/v2\/categories?post=119204"},{"taxonomy":"post_tag","embeddable":true,"href":"https:\/\/blogdoedvaldomagalhaes.com.br\/index.php\/wp-json\/wp\/v2\/tags?post=119204"}],"curies":[{"name":"wp","href":"https:\/\/api.w.org\/{rel}","templated":true}]}}