{"id":119201,"date":"2025-05-06T18:03:50","date_gmt":"2025-05-06T21:03:50","guid":{"rendered":"https:\/\/blogdoedvaldomagalhaes.com.br\/?p=119201"},"modified":"2025-05-06T18:03:50","modified_gmt":"2025-05-06T21:03:50","slug":"mulheres-de-caruaru-tendem-a-ganhar-voz-vez-e-protecao-com-propostas-de-jorge-quintino","status":"publish","type":"post","link":"https:\/\/blogdoedvaldomagalhaes.com.br\/index.php\/2025\/05\/06\/mulheres-de-caruaru-tendem-a-ganhar-voz-vez-e-protecao-com-propostas-de-jorge-quintino\/","title":{"rendered":"Mulheres de Caruaru tendem a ganhar voz, vez e prote\u00e7\u00e3o com propostas de Jorge Quintino"},"content":{"rendered":"<p>O vereador Jorge Quintino anunciou uma s\u00e9rie de iniciativas legislativas voltadas ao fortalecimento das pol\u00edticas p\u00fablicas de prote\u00e7\u00e3o e empoderamento das mulheres em Caruaru. As propostas incluem a cria\u00e7\u00e3o do \u201cPrograma de Forma\u00e7\u00e3o para Lideran\u00e7as Comunit\u00e1rias Femininas\u201d, em parceria com as Secretarias da Mulher e da Educa\u00e7\u00e3o, com o objetivo de capacitar mulheres para atua\u00e7\u00e3o pol\u00edtica, social e cultural em suas comunidades.<\/p>\n<p>Al\u00e9m disso, o parlamentar prop\u00f4s a institui\u00e7\u00e3o do Selo \u201cEmpresa Amiga da Mulher\u201d, destinado a reconhecer empresas que adotem pr\u00e1ticas de equidade de g\u00eanero, inclus\u00e3o e combate \u00e0 viol\u00eancia e ao ass\u00e9dio no ambiente de trabalho. Outra medida importante \u00e9 a solicita\u00e7\u00e3o para a aquisi\u00e7\u00e3o e distribui\u00e7\u00e3o da cartilha \u201cLei Maria da Penha em Mi\u00fados\u201d nas escolas da rede municipal de ensino, como parte das a\u00e7\u00f5es de educa\u00e7\u00e3o preventiva sobre o combate \u00e0 viol\u00eancia contra a mulher.<\/p>\n<p>Essas iniciativas se somam aos esfor\u00e7os que t\u00eam colocado Caruaru como refer\u00eancia nacional no enfrentamento \u00e0 viol\u00eancia de g\u00eanero. Em 2024, o munic\u00edpio registrou uma redu\u00e7\u00e3o de 75% nos casos de feminic\u00eddio em compara\u00e7\u00e3o ao ano anterior, passando de quatro para apenas um caso. Esse resultado \u00e9 atribu\u00eddo a a\u00e7\u00f5es integradas como a cria\u00e7\u00e3o do N\u00facleo Integrado dos Oficiais de Justi\u00e7a (NIOJ), que agiliza o cumprimento de medidas protetivas, e ao atendimento 24 horas oferecido pelo Centro de Refer\u00eancia da Mulher (CRM) .   <\/p>\n<p>\u201cEstamos construindo uma cidade mais segura e justa para todas as mulheres. Essas propostas visam n\u00e3o apenas proteger, mas tamb\u00e9m empoderar as mulheres de Caruaru, garantindo que tenham voz ativa em suas comunidades e no mercado de trabalho\u201d, destacou o vereador Jorge Quintino.<\/p>\n<p>Com essas a\u00e7\u00f5es, Caruaru reafirma seu compromisso com a promo\u00e7\u00e3o da igualdade de g\u00eanero e o combate \u00e0 viol\u00eancia contra a mulher, servindo de exemplo para outras cidades do pa\u00eds.<br \/>\nSeja seguidor do Instagram do Blog pelo @blogdoedvaldomagalhaes<br \/>\nFoto: Divulga\u00e7\u00e3o <\/p>\n","protected":false},"excerpt":{"rendered":"<p>O vereador Jorge Quintino anunciou uma s\u00e9rie de iniciativas legislativas voltadas ao fortalecimento das pol\u00edticas p\u00fablicas de prote\u00e7\u00e3o e empoderamento&hellip;<\/p>\n","protected":false},"author":1,"featured_media":119202,"comment_status":"closed","ping_status":"open","sticky":false,"template":"","format":"standard","meta":{"footnotes":""},"categories":[14122],"tags":[28803,27410,13146,28801,9899,20],"class_list":["post-119201","post","type-post","status-publish","format-standard","has-post-thumbnail","hentry","category-politica","tag-blog-com-mais-visualizacoes","tag-blog-de-caruaru","tag-blog-edvaldo-magalhaes","tag-blog-mais-acessado","tag-jorge-quintino","tag-politica"],"_links":{"self":[{"href":"https:\/\/blogdoedvaldomagalhaes.com.br\/index.php\/wp-json\/wp\/v2\/posts\/119201","targetHints":{"allow":["GET"]}}],"collection":[{"href":"https:\/\/blogdoedvaldomagalhaes.com.br\/index.php\/wp-json\/wp\/v2\/posts"}],"about":[{"href":"https:\/\/blogdoedvaldomagalhaes.com.br\/index.php\/wp-json\/wp\/v2\/types\/post"}],"author":[{"embeddable":true,"href":"https:\/\/blogdoedvaldomagalhaes.com.br\/index.php\/wp-json\/wp\/v2\/users\/1"}],"replies":[{"embeddable":true,"href":"https:\/\/blogdoedvaldomagalhaes.com.br\/index.php\/wp-json\/wp\/v2\/comments?post=119201"}],"version-history":[{"count":1,"href":"https:\/\/blogdoedvaldomagalhaes.com.br\/index.php\/wp-json\/wp\/v2\/posts\/119201\/revisions"}],"predecessor-version":[{"id":119203,"href":"https:\/\/blogdoedvaldomagalhaes.com.br\/index.php\/wp-json\/wp\/v2\/posts\/119201\/revisions\/119203"}],"wp:featuredmedia":[{"embeddable":true,"href":"https:\/\/blogdoedvaldomagalhaes.com.br\/index.php\/wp-json\/wp\/v2\/media\/119202"}],"wp:attachment":[{"href":"https:\/\/blogdoedvaldomagalhaes.com.br\/index.php\/wp-json\/wp\/v2\/media?parent=119201"}],"wp:term":[{"taxonomy":"category","embeddable":true,"href":"https:\/\/blogdoedvaldomagalhaes.com.br\/index.php\/wp-json\/wp\/v2\/categories?post=119201"},{"taxonomy":"post_tag","embeddable":true,"href":"https:\/\/blogdoedvaldomagalhaes.com.br\/index.php\/wp-json\/wp\/v2\/tags?post=119201"}],"curies":[{"name":"wp","href":"https:\/\/api.w.org\/{rel}","templated":true}]}}