{"id":1192,"date":"2018-09-27T19:52:00","date_gmt":"2018-09-27T22:52:00","guid":{"rendered":"http:\/\/blogdoedvaldomagalhaes.com.br\/index.php\/2018\/09\/27\/simposio-municipal-de-prevencao-ao\/"},"modified":"2019-02-09T02:32:44","modified_gmt":"2019-02-09T04:32:44","slug":"simposio-municipal-de-prevencao-ao","status":"publish","type":"post","link":"https:\/\/blogdoedvaldomagalhaes.com.br\/index.php\/2018\/09\/27\/simposio-municipal-de-prevencao-ao\/","title":{"rendered":"Simp\u00f3sio Municipal de Preven\u00e7\u00e3o ao Suic\u00eddio em Caruaru"},"content":{"rendered":"<div class=\"separator\" style=\"clear: both; text-align: center;\">\n<a href=\"https:\/\/3.bp.blogspot.com\/-H5oDaOc9K54\/W6004sA1zFI\/AAAAAAAA6ww\/zPiUO3y1lVcgvaK3sOqCO6cy-pNOefV_wCLcBGAs\/s1600\/simp%25C3%25B3sio.jpg\" imageanchor=\"1\" style=\"margin-left: 1em; margin-right: 1em;\"><img loading=\"lazy\" decoding=\"async\" border=\"0\" data-original-height=\"1024\" data-original-width=\"726\" height=\"640\" src=\"http:\/\/blogdoedvaldomagalhaes.com.br\/wp-content\/uploads\/2018\/09\/simpC3B3sio.jpg\" width=\"450\" \/><\/a><\/div>\n<div class=\"separator\" style=\"clear: both; text-align: justify;\">\n<\/div>\n<div class=\"separator\" style=\"clear: both; text-align: justify;\">\nSer\u00e1 realizado, nesta sexta-feira (28), o I Simp\u00f3sio Municipal de Preven\u00e7\u00e3o ao Suic\u00eddio. O evento acontece, das 8h \u00e0s 12h, no audit\u00f3rio da Faculdade Maur\u00edcio de Nassau, em Caruaru. O assunto, que j\u00e1 teve um tabu muito maior, ainda enfrenta grandes dificuldades na identifica\u00e7\u00e3o de sinais, oferta e busca por ajuda, justamente pelos preconceitos e falta de informa\u00e7\u00e3o.<\/div>\n<div class=\"separator\" style=\"clear: both; text-align: justify;\">\n<\/div>\n<div class=\"separator\" style=\"clear: both; text-align: justify;\">\nSetembro \u00e9 o m\u00eas mundial de preven\u00e7\u00e3o ao suic\u00eddio e o Simp\u00f3sio entra dentro da programa\u00e7\u00e3o do tamb\u00e9m chamado de Setembro Amarelo. O evento \u00e9 voltado para profissionais de sa\u00fade da rede p\u00fablica municipal, do NASF, Apoiadores da Aten\u00e7\u00e3o B\u00e1sica e Aten\u00e7\u00e3o Especializada, Residentes de Psiquiatria e de Sa\u00fade no Campo, Gerentes das Unidades especializadas e das unidades b\u00e1sicas, Coordenadores de Enfermagem, Diretor M\u00e9dico e Assistentes Sociais das UPA 24h, SAMU e Hospitais Municipais, al\u00e9m de profissionais da RAPS (Rede de Aten\u00e7\u00e3o Psicossocial do Munic\u00edpio) e estudantes da \u00e1rea de Sa\u00fade.<\/div>\n<div class=\"separator\" style=\"clear: both; text-align: justify;\">\n<\/div>\n<div class=\"separator\" style=\"clear: both; text-align: justify;\">\nNa programa\u00e7\u00e3o do simp\u00f3sio, palestras sobre o perfil epidemiol\u00f3gico de Caruaru sobre suic\u00eddio e apresenta\u00e7\u00e3o do fluxo assistencial na Rede Municipal.<\/div>\n<p><\/p>\n","protected":false},"excerpt":{"rendered":"<p>Ser\u00e1 realizado, nesta sexta-feira (28), o I Simp\u00f3sio Municipal de Preven\u00e7\u00e3o ao Suic\u00eddio. O evento acontece, das 8h \u00e0s 12h,&hellip;<\/p>\n","protected":false},"author":1,"featured_media":0,"comment_status":"open","ping_status":"open","sticky":false,"template":"","format":"standard","meta":{"footnotes":""},"categories":[1],"tags":[2,6,1151],"class_list":["post-1192","post","type-post","status-publish","format-standard","hentry","category-sem-categoria","tag-blog-do-edvaldo-magalhaes","tag-noticias","tag-simposio-municipal-de-prevencao-ao-suicidio-em-caruaru"],"_links":{"self":[{"href":"https:\/\/blogdoedvaldomagalhaes.com.br\/index.php\/wp-json\/wp\/v2\/posts\/1192","targetHints":{"allow":["GET"]}}],"collection":[{"href":"https:\/\/blogdoedvaldomagalhaes.com.br\/index.php\/wp-json\/wp\/v2\/posts"}],"about":[{"href":"https:\/\/blogdoedvaldomagalhaes.com.br\/index.php\/wp-json\/wp\/v2\/types\/post"}],"author":[{"embeddable":true,"href":"https:\/\/blogdoedvaldomagalhaes.com.br\/index.php\/wp-json\/wp\/v2\/users\/1"}],"replies":[{"embeddable":true,"href":"https:\/\/blogdoedvaldomagalhaes.com.br\/index.php\/wp-json\/wp\/v2\/comments?post=1192"}],"version-history":[{"count":1,"href":"https:\/\/blogdoedvaldomagalhaes.com.br\/index.php\/wp-json\/wp\/v2\/posts\/1192\/revisions"}],"predecessor-version":[{"id":34419,"href":"https:\/\/blogdoedvaldomagalhaes.com.br\/index.php\/wp-json\/wp\/v2\/posts\/1192\/revisions\/34419"}],"wp:attachment":[{"href":"https:\/\/blogdoedvaldomagalhaes.com.br\/index.php\/wp-json\/wp\/v2\/media?parent=1192"}],"wp:term":[{"taxonomy":"category","embeddable":true,"href":"https:\/\/blogdoedvaldomagalhaes.com.br\/index.php\/wp-json\/wp\/v2\/categories?post=1192"},{"taxonomy":"post_tag","embeddable":true,"href":"https:\/\/blogdoedvaldomagalhaes.com.br\/index.php\/wp-json\/wp\/v2\/tags?post=1192"}],"curies":[{"name":"wp","href":"https:\/\/api.w.org\/{rel}","templated":true}]}}