{"id":119198,"date":"2025-05-06T17:58:20","date_gmt":"2025-05-06T20:58:20","guid":{"rendered":"https:\/\/blogdoedvaldomagalhaes.com.br\/?p=119198"},"modified":"2025-05-06T17:58:20","modified_gmt":"2025-05-06T20:58:20","slug":"vereador-letal-se-reune-com-representantes-do-esporte-para-discutir-apoio-as-corridas-de-rua-em-caruaru","status":"publish","type":"post","link":"https:\/\/blogdoedvaldomagalhaes.com.br\/index.php\/2025\/05\/06\/vereador-letal-se-reune-com-representantes-do-esporte-para-discutir-apoio-as-corridas-de-rua-em-caruaru\/","title":{"rendered":"Vereador Letal se Re\u00fane com Representantes do Esporte para Discutir Apoio \u00e0s Corridas de Rua em Caruaru"},"content":{"rendered":"<p>O vereador Letal se reuniu com organizadores de corridas de rua e gestores de grupos e assessorias esportivas de Caruaru para dialogar sobre o fortalecimento e valoriza\u00e7\u00e3o dessa importante modalidade esportiva no munic\u00edpio.<\/p>\n<p>Durante o encontro, foram discutidas pautas voltadas ao apoio institucional, infraestrutura adequada, incentivo \u00e0 realiza\u00e7\u00e3o de eventos e parcerias que possam beneficiar tanto atletas amadores quanto profissionais. O vereador refor\u00e7ou seu compromisso com o esporte como ferramenta de inclus\u00e3o, sa\u00fade e cidadania, e destacou a import\u00e2ncia do segmento para movimentar a economia criativa e promover o bem-estar da popula\u00e7\u00e3o.<\/p>\n<p>A reuni\u00e3o representa um passo importante para a constru\u00e7\u00e3o de pol\u00edticas p\u00fablicas que valorizem os corredores de rua e ampliem o alcance do esporte em Caruaru. Foto: Divulga\u00e7\u00e3o<br \/>\nSiga o Instagram do Blog pelo @blogdoedvaldomagalhaes<\/p>\n","protected":false},"excerpt":{"rendered":"<p>O vereador Letal se reuniu com organizadores de corridas de rua e gestores de grupos e assessorias esportivas de Caruaru&hellip;<\/p>\n","protected":false},"author":1,"featured_media":119199,"comment_status":"closed","ping_status":"open","sticky":false,"template":"","format":"standard","meta":{"footnotes":""},"categories":[14122],"tags":[30592,27410,13146,28801,20,33534],"class_list":["post-119198","post","type-post","status-publish","format-standard","has-post-thumbnail","hentry","category-politica","tag-blog-com-mais-seguidores","tag-blog-de-caruaru","tag-blog-edvaldo-magalhaes","tag-blog-mais-acessado","tag-politica","tag-vereador-letal-se-reune-com-representantes-do-esporte-para-discutir-apoio-as-corridas-de-rua-em-caruaru"],"_links":{"self":[{"href":"https:\/\/blogdoedvaldomagalhaes.com.br\/index.php\/wp-json\/wp\/v2\/posts\/119198","targetHints":{"allow":["GET"]}}],"collection":[{"href":"https:\/\/blogdoedvaldomagalhaes.com.br\/index.php\/wp-json\/wp\/v2\/posts"}],"about":[{"href":"https:\/\/blogdoedvaldomagalhaes.com.br\/index.php\/wp-json\/wp\/v2\/types\/post"}],"author":[{"embeddable":true,"href":"https:\/\/blogdoedvaldomagalhaes.com.br\/index.php\/wp-json\/wp\/v2\/users\/1"}],"replies":[{"embeddable":true,"href":"https:\/\/blogdoedvaldomagalhaes.com.br\/index.php\/wp-json\/wp\/v2\/comments?post=119198"}],"version-history":[{"count":1,"href":"https:\/\/blogdoedvaldomagalhaes.com.br\/index.php\/wp-json\/wp\/v2\/posts\/119198\/revisions"}],"predecessor-version":[{"id":119200,"href":"https:\/\/blogdoedvaldomagalhaes.com.br\/index.php\/wp-json\/wp\/v2\/posts\/119198\/revisions\/119200"}],"wp:featuredmedia":[{"embeddable":true,"href":"https:\/\/blogdoedvaldomagalhaes.com.br\/index.php\/wp-json\/wp\/v2\/media\/119199"}],"wp:attachment":[{"href":"https:\/\/blogdoedvaldomagalhaes.com.br\/index.php\/wp-json\/wp\/v2\/media?parent=119198"}],"wp:term":[{"taxonomy":"category","embeddable":true,"href":"https:\/\/blogdoedvaldomagalhaes.com.br\/index.php\/wp-json\/wp\/v2\/categories?post=119198"},{"taxonomy":"post_tag","embeddable":true,"href":"https:\/\/blogdoedvaldomagalhaes.com.br\/index.php\/wp-json\/wp\/v2\/tags?post=119198"}],"curies":[{"name":"wp","href":"https:\/\/api.w.org\/{rel}","templated":true}]}}