{"id":119195,"date":"2025-05-06T17:36:15","date_gmt":"2025-05-06T20:36:15","guid":{"rendered":"https:\/\/blogdoedvaldomagalhaes.com.br\/?p=119195"},"modified":"2025-05-06T17:36:15","modified_gmt":"2025-05-06T20:36:15","slug":"anderson-correia-solicita-construcao-de-parque-ambiental-entre-residencial-vitoria-boa-vista-i-e-ii-e-maria-auxiliadora-ii","status":"publish","type":"post","link":"https:\/\/blogdoedvaldomagalhaes.com.br\/index.php\/2025\/05\/06\/anderson-correia-solicita-construcao-de-parque-ambiental-entre-residencial-vitoria-boa-vista-i-e-ii-e-maria-auxiliadora-ii\/","title":{"rendered":"Anderson Correia solicita constru\u00e7\u00e3o de Parque Ambiental entre Residencial Vit\u00f3ria, Boa Vista I e II e Maria Auxiliadora II"},"content":{"rendered":"<p>Em mais uma a\u00e7\u00e3o voltada \u00e0 qualidade de vida da popula\u00e7\u00e3o e \u00e0 preserva\u00e7\u00e3o do meio ambiente, o vereador Anderson Correia apresentou um requerimento na C\u00e2mara Municipal de Caruaru para que seja constru\u00eddo um Parque Ambiental em uma \u00e1rea estrat\u00e9gica situada entre o Residencial Vit\u00f3ria e o Bairro Maria Auxiliadora II, abrangendo tamb\u00e9m os bairros Jos\u00e9 Carlos de Oliveira, Boa Vista I e II, Vila Padre In\u00e1cio e o Loteamento Parque Real.<\/p>\n<p>A proposta visa transformar uma ampla \u00e1rea urbana subutilizada em um espa\u00e7o verde de conviv\u00eancia, lazer e preserva\u00e7\u00e3o ambiental, gerando in\u00fameros benef\u00edcios para os moradores da regi\u00e3o. A iniciativa refor\u00e7a o compromisso do parlamentar com o desenvolvimento sustent\u00e1vel e com a melhoria da qualidade de vida das comunidades caruaruenses. Para o edil, a cria\u00e7\u00e3o deste parque representa um importante investimento social, ecol\u00f3gico e urban\u00edstico.<\/p>\n<p>\u201cCaruaru \u00e9 conhecida por ter parques ambientais espalhados pela cidade, mas pela dimens\u00e3o geogr\u00e1fica do munic\u00edpio ainda existem bairros que n\u00e3o foram alcan\u00e7ados por este equipamento. Esse local \u00e9 um deles, de forma estrat\u00e9gica, pois est\u00e1 posicionado entre estas comunidades, que ser\u00e3o beneficiadas. Espa\u00e7os como esses incentivam a pr\u00e1tica de caminhadas, corridas, ciclismo, piqueniques e observa\u00e7\u00e3o da natureza. Um parque como esse vai muito al\u00e9m de paisagismo, ele proporciona bem-estar, sa\u00fade, oportunidades de lazer e ainda contribui para o equil\u00edbrio ambiental. Os moradores dessa regi\u00e3o merecem esse espa\u00e7o, por isso, esperamos a sensibilidade do Poder P\u00fablico para atender essa solicita\u00e7\u00e3o\u201d, destacou Anderson Correia.<br \/>\nSeja seguidor do Instagram do Blog pelo @blogdoedvaldomagalhaes<br \/>\nFoto: Vladimir Barreto <\/p>\n","protected":false},"excerpt":{"rendered":"<p>Em mais uma a\u00e7\u00e3o voltada \u00e0 qualidade de vida da popula\u00e7\u00e3o e \u00e0 preserva\u00e7\u00e3o do meio ambiente, o vereador Anderson&hellip;<\/p>\n","protected":false},"author":1,"featured_media":119196,"comment_status":"closed","ping_status":"open","sticky":false,"template":"","format":"standard","meta":{"footnotes":""},"categories":[14122],"tags":[33532,29440,27410,2,33533,20],"class_list":["post-119195","post","type-post","status-publish","format-standard","has-post-thumbnail","hentry","category-politica","tag-anderson-correia-solicita-construcao-de-parque-ambiental-entre-residencial-vitoria","tag-blog-com-mais-visualizacao","tag-blog-de-caruaru","tag-blog-do-edvaldo-magalhaes","tag-blog-mais-detalhes","tag-politica"],"_links":{"self":[{"href":"https:\/\/blogdoedvaldomagalhaes.com.br\/index.php\/wp-json\/wp\/v2\/posts\/119195","targetHints":{"allow":["GET"]}}],"collection":[{"href":"https:\/\/blogdoedvaldomagalhaes.com.br\/index.php\/wp-json\/wp\/v2\/posts"}],"about":[{"href":"https:\/\/blogdoedvaldomagalhaes.com.br\/index.php\/wp-json\/wp\/v2\/types\/post"}],"author":[{"embeddable":true,"href":"https:\/\/blogdoedvaldomagalhaes.com.br\/index.php\/wp-json\/wp\/v2\/users\/1"}],"replies":[{"embeddable":true,"href":"https:\/\/blogdoedvaldomagalhaes.com.br\/index.php\/wp-json\/wp\/v2\/comments?post=119195"}],"version-history":[{"count":1,"href":"https:\/\/blogdoedvaldomagalhaes.com.br\/index.php\/wp-json\/wp\/v2\/posts\/119195\/revisions"}],"predecessor-version":[{"id":119197,"href":"https:\/\/blogdoedvaldomagalhaes.com.br\/index.php\/wp-json\/wp\/v2\/posts\/119195\/revisions\/119197"}],"wp:featuredmedia":[{"embeddable":true,"href":"https:\/\/blogdoedvaldomagalhaes.com.br\/index.php\/wp-json\/wp\/v2\/media\/119196"}],"wp:attachment":[{"href":"https:\/\/blogdoedvaldomagalhaes.com.br\/index.php\/wp-json\/wp\/v2\/media?parent=119195"}],"wp:term":[{"taxonomy":"category","embeddable":true,"href":"https:\/\/blogdoedvaldomagalhaes.com.br\/index.php\/wp-json\/wp\/v2\/categories?post=119195"},{"taxonomy":"post_tag","embeddable":true,"href":"https:\/\/blogdoedvaldomagalhaes.com.br\/index.php\/wp-json\/wp\/v2\/tags?post=119195"}],"curies":[{"name":"wp","href":"https:\/\/api.w.org\/{rel}","templated":true}]}}