{"id":119152,"date":"2025-05-04T22:18:14","date_gmt":"2025-05-05T01:18:14","guid":{"rendered":"https:\/\/blogdoedvaldomagalhaes.com.br\/?p=119152"},"modified":"2025-05-04T22:20:39","modified_gmt":"2025-05-05T01:20:39","slug":"motorista-e-arremessado-apos-carro-bater-em-depressao-e-capotar-na-br-232","status":"publish","type":"post","link":"https:\/\/blogdoedvaldomagalhaes.com.br\/index.php\/2025\/05\/04\/motorista-e-arremessado-apos-carro-bater-em-depressao-e-capotar-na-br-232\/","title":{"rendered":"Motorista \u00e9 arremessado, ap\u00f3s carro bater em depress\u00e3o e capotar, na BR 232"},"content":{"rendered":"<p>O sinistro de tr\u00e2nsito ocorreu por volta das 16h, no km 76,7 da BR 232 em Gravat\u00e1.<\/p>\n<p>O motorista de um carro saiu da pista, foi para o canteiro central, bateu em uma depress\u00e3o e foi parar do outro lado da pista, onde capotou.<\/p>\n<p>O motorista foi arremessado do carro e ficou ferido. Tr\u00eas passageiros ficaram no carro e tamb\u00e9m se feriram.<\/p>\n<p>Inicialmente, os feridos foram encaminhados para a UPA de Gravat\u00e1. Foto: Divulga\u00e7\u00e3o\/PRF<br \/>\nSiga o Instagram do Blog pelo @blogdoedvaldomagalhaes<\/p>\n","protected":false},"excerpt":{"rendered":"<p>O sinistro de tr\u00e2nsito ocorreu por volta das 16h, no km 76,7 da BR 232 em Gravat\u00e1. O motorista de&hellip;<\/p>\n","protected":false},"author":1,"featured_media":119154,"comment_status":"closed","ping_status":"open","sticky":false,"template":"","format":"standard","meta":{"footnotes":""},"categories":[14120],"tags":[14276,29440,13146,28801,33520,30295],"class_list":["post-119152","post","type-post","status-publish","format-standard","has-post-thumbnail","hentry","category-noticias","tag-acidente","tag-blog-com-mais-visualizacao","tag-blog-edvaldo-magalhaes","tag-blog-mais-acessado","tag-motorista-e-arremessado-apos-carro-bater-em-depressao-e-capotar-na-br-232","tag-sinistro"],"_links":{"self":[{"href":"https:\/\/blogdoedvaldomagalhaes.com.br\/index.php\/wp-json\/wp\/v2\/posts\/119152","targetHints":{"allow":["GET"]}}],"collection":[{"href":"https:\/\/blogdoedvaldomagalhaes.com.br\/index.php\/wp-json\/wp\/v2\/posts"}],"about":[{"href":"https:\/\/blogdoedvaldomagalhaes.com.br\/index.php\/wp-json\/wp\/v2\/types\/post"}],"author":[{"embeddable":true,"href":"https:\/\/blogdoedvaldomagalhaes.com.br\/index.php\/wp-json\/wp\/v2\/users\/1"}],"replies":[{"embeddable":true,"href":"https:\/\/blogdoedvaldomagalhaes.com.br\/index.php\/wp-json\/wp\/v2\/comments?post=119152"}],"version-history":[{"count":1,"href":"https:\/\/blogdoedvaldomagalhaes.com.br\/index.php\/wp-json\/wp\/v2\/posts\/119152\/revisions"}],"predecessor-version":[{"id":119153,"href":"https:\/\/blogdoedvaldomagalhaes.com.br\/index.php\/wp-json\/wp\/v2\/posts\/119152\/revisions\/119153"}],"wp:featuredmedia":[{"embeddable":true,"href":"https:\/\/blogdoedvaldomagalhaes.com.br\/index.php\/wp-json\/wp\/v2\/media\/119154"}],"wp:attachment":[{"href":"https:\/\/blogdoedvaldomagalhaes.com.br\/index.php\/wp-json\/wp\/v2\/media?parent=119152"}],"wp:term":[{"taxonomy":"category","embeddable":true,"href":"https:\/\/blogdoedvaldomagalhaes.com.br\/index.php\/wp-json\/wp\/v2\/categories?post=119152"},{"taxonomy":"post_tag","embeddable":true,"href":"https:\/\/blogdoedvaldomagalhaes.com.br\/index.php\/wp-json\/wp\/v2\/tags?post=119152"}],"curies":[{"name":"wp","href":"https:\/\/api.w.org\/{rel}","templated":true}]}}