{"id":119134,"date":"2025-05-04T13:18:48","date_gmt":"2025-05-04T16:18:48","guid":{"rendered":"https:\/\/blogdoedvaldomagalhaes.com.br\/?p=119134"},"modified":"2025-05-04T13:18:48","modified_gmt":"2025-05-04T16:18:48","slug":"pm-prende-suspeito-na-rua-do-sossego-e-recupera-fios-roubados","status":"publish","type":"post","link":"https:\/\/blogdoedvaldomagalhaes.com.br\/index.php\/2025\/05\/04\/pm-prende-suspeito-na-rua-do-sossego-e-recupera-fios-roubados\/","title":{"rendered":"PM prende suspeito na rua do Sossego e recupera fios roubados"},"content":{"rendered":"<p>Durante rondas de combate aos crimes contra o patrim\u00f4nio e contra a vida no Centro do Recife, no final da noite de s\u00e1bado(3\/5), policiais militares do 16\u00ba BPM foram acionados por seguran\u00e7as de uma terceirizada a servi\u00e7o da empresa Vivo, relatando um roubo de fios na Avenida Conde da Boa Vista. Foram feitas dilig\u00eancias e o suspeito fugiu ao avistar a viatura. No entanto, ele foi novamente encontrado, na Rua do Sossego, j\u00e1 queimando parte dos fios roubados para derreter. De posse de dez metros de fio e de uma faca, ele n\u00e3o reagiu \u00e0 abordagem, foi detido e encaminhado \u00e0 Pol\u00edcia Civil, para ado\u00e7\u00e3o das medidas legais cab\u00edveis. Foto: Divulga\u00e7\u00e3o\/PMPE<br \/>\nSiga o Instagram do Blog pelo @blogdoedvaldomagalhaes<\/p>\n","protected":false},"excerpt":{"rendered":"<p>Durante rondas de combate aos crimes contra o patrim\u00f4nio e contra a vida no Centro do Recife, no final da&hellip;<\/p>\n","protected":false},"author":1,"featured_media":119135,"comment_status":"closed","ping_status":"open","sticky":false,"template":"","format":"standard","meta":{"footnotes":""},"categories":[14121],"tags":[29440,13146,28801,33516],"class_list":["post-119134","post","type-post","status-publish","format-standard","has-post-thumbnail","hentry","category-policial","tag-blog-com-mais-visualizacao","tag-blog-edvaldo-magalhaes","tag-blog-mais-acessado","tag-pm-prende-suspeito-na-rua-do-sossego-e-recupera-fios-roubados"],"_links":{"self":[{"href":"https:\/\/blogdoedvaldomagalhaes.com.br\/index.php\/wp-json\/wp\/v2\/posts\/119134","targetHints":{"allow":["GET"]}}],"collection":[{"href":"https:\/\/blogdoedvaldomagalhaes.com.br\/index.php\/wp-json\/wp\/v2\/posts"}],"about":[{"href":"https:\/\/blogdoedvaldomagalhaes.com.br\/index.php\/wp-json\/wp\/v2\/types\/post"}],"author":[{"embeddable":true,"href":"https:\/\/blogdoedvaldomagalhaes.com.br\/index.php\/wp-json\/wp\/v2\/users\/1"}],"replies":[{"embeddable":true,"href":"https:\/\/blogdoedvaldomagalhaes.com.br\/index.php\/wp-json\/wp\/v2\/comments?post=119134"}],"version-history":[{"count":1,"href":"https:\/\/blogdoedvaldomagalhaes.com.br\/index.php\/wp-json\/wp\/v2\/posts\/119134\/revisions"}],"predecessor-version":[{"id":119136,"href":"https:\/\/blogdoedvaldomagalhaes.com.br\/index.php\/wp-json\/wp\/v2\/posts\/119134\/revisions\/119136"}],"wp:featuredmedia":[{"embeddable":true,"href":"https:\/\/blogdoedvaldomagalhaes.com.br\/index.php\/wp-json\/wp\/v2\/media\/119135"}],"wp:attachment":[{"href":"https:\/\/blogdoedvaldomagalhaes.com.br\/index.php\/wp-json\/wp\/v2\/media?parent=119134"}],"wp:term":[{"taxonomy":"category","embeddable":true,"href":"https:\/\/blogdoedvaldomagalhaes.com.br\/index.php\/wp-json\/wp\/v2\/categories?post=119134"},{"taxonomy":"post_tag","embeddable":true,"href":"https:\/\/blogdoedvaldomagalhaes.com.br\/index.php\/wp-json\/wp\/v2\/tags?post=119134"}],"curies":[{"name":"wp","href":"https:\/\/api.w.org\/{rel}","templated":true}]}}