{"id":119131,"date":"2025-05-04T13:12:31","date_gmt":"2025-05-04T16:12:31","guid":{"rendered":"https:\/\/blogdoedvaldomagalhaes.com.br\/?p=119131"},"modified":"2025-05-04T13:12:31","modified_gmt":"2025-05-04T16:12:31","slug":"pm-apreende-medicamentos-sem-receita-no-beco-da-fome","status":"publish","type":"post","link":"https:\/\/blogdoedvaldomagalhaes.com.br\/index.php\/2025\/05\/04\/pm-apreende-medicamentos-sem-receita-no-beco-da-fome\/","title":{"rendered":"PM apreende medicamentos sem receita no Beco da Fome"},"content":{"rendered":"<p>Com base em levantamento do servi\u00e7o de Intelig\u00eancia, policiais militares do 16\u00ba BPM foram averiguar um poss\u00edvel com\u00e9rcio e recepta\u00e7\u00e3o de mercadorias roubadas, s\u00e1bado(3\/5), no Beco da Fome, que liga as ruas do Hosp\u00edcio e Sete de Setembro, no Centro do Recife. No local, um idoso foi detido de posse de um celular com queixa de roubo e 11 cartelas (156 comprimidos) de rem\u00e9dios de uso controlado, sem receita m\u00e9dica correspondente. O envolvido e o material apreendido foram apresentados na Central de Plant\u00f5es da Capital, para ado\u00e7\u00e3o das medidas legais cab\u00edveis.<br \/>\nSeja seguidor do Instagram do Blog pelo @blogdoedvaldomagalhaes<br \/>\nFoto: Divulga\u00e7\u00e3o\/PMPE <\/p>\n","protected":false},"excerpt":{"rendered":"<p>Com base em levantamento do servi\u00e7o de Intelig\u00eancia, policiais militares do 16\u00ba BPM foram averiguar um poss\u00edvel com\u00e9rcio e recepta\u00e7\u00e3o&hellip;<\/p>\n","protected":false},"author":1,"featured_media":119132,"comment_status":"closed","ping_status":"open","sticky":false,"template":"","format":"standard","meta":{"footnotes":""},"categories":[14121],"tags":[28803,27410,2,28801,33515],"class_list":["post-119131","post","type-post","status-publish","format-standard","has-post-thumbnail","hentry","category-policial","tag-blog-com-mais-visualizacoes","tag-blog-de-caruaru","tag-blog-do-edvaldo-magalhaes","tag-blog-mais-acessado","tag-pm-apreende-medicamentos-sem-receita-no-beco-da-fome"],"_links":{"self":[{"href":"https:\/\/blogdoedvaldomagalhaes.com.br\/index.php\/wp-json\/wp\/v2\/posts\/119131","targetHints":{"allow":["GET"]}}],"collection":[{"href":"https:\/\/blogdoedvaldomagalhaes.com.br\/index.php\/wp-json\/wp\/v2\/posts"}],"about":[{"href":"https:\/\/blogdoedvaldomagalhaes.com.br\/index.php\/wp-json\/wp\/v2\/types\/post"}],"author":[{"embeddable":true,"href":"https:\/\/blogdoedvaldomagalhaes.com.br\/index.php\/wp-json\/wp\/v2\/users\/1"}],"replies":[{"embeddable":true,"href":"https:\/\/blogdoedvaldomagalhaes.com.br\/index.php\/wp-json\/wp\/v2\/comments?post=119131"}],"version-history":[{"count":1,"href":"https:\/\/blogdoedvaldomagalhaes.com.br\/index.php\/wp-json\/wp\/v2\/posts\/119131\/revisions"}],"predecessor-version":[{"id":119133,"href":"https:\/\/blogdoedvaldomagalhaes.com.br\/index.php\/wp-json\/wp\/v2\/posts\/119131\/revisions\/119133"}],"wp:featuredmedia":[{"embeddable":true,"href":"https:\/\/blogdoedvaldomagalhaes.com.br\/index.php\/wp-json\/wp\/v2\/media\/119132"}],"wp:attachment":[{"href":"https:\/\/blogdoedvaldomagalhaes.com.br\/index.php\/wp-json\/wp\/v2\/media?parent=119131"}],"wp:term":[{"taxonomy":"category","embeddable":true,"href":"https:\/\/blogdoedvaldomagalhaes.com.br\/index.php\/wp-json\/wp\/v2\/categories?post=119131"},{"taxonomy":"post_tag","embeddable":true,"href":"https:\/\/blogdoedvaldomagalhaes.com.br\/index.php\/wp-json\/wp\/v2\/tags?post=119131"}],"curies":[{"name":"wp","href":"https:\/\/api.w.org\/{rel}","templated":true}]}}