{"id":119127,"date":"2025-05-03T16:46:45","date_gmt":"2025-05-03T19:46:45","guid":{"rendered":"https:\/\/blogdoedvaldomagalhaes.com.br\/?p=119127"},"modified":"2025-05-03T16:47:31","modified_gmt":"2025-05-03T19:47:31","slug":"secretaria-de-sustentabilida-e-e-bem-estar-animal-inicia-trabalho-em-caruaru","status":"publish","type":"post","link":"https:\/\/blogdoedvaldomagalhaes.com.br\/index.php\/2025\/05\/03\/secretaria-de-sustentabilida-e-e-bem-estar-animal-inicia-trabalho-em-caruaru\/","title":{"rendered":"Secretaria de Sustentabilidade e Bem-Estar Animal inicia trabalho em Caruaru"},"content":{"rendered":"<p>Na manh\u00e3 deste s\u00e1bado (03.05), o prefeito de Caruaru, Rodrigo Pinheiro, se reuniu no Pal\u00e1cio Jaime Nejaim com o novo secret\u00e1rio de Sustentabilidade e Bem-Estar Animal, Renato Lyra, que tomou posse no dia 2 de maio. O encontro marcou oficialmente o in\u00edcio das atividades da nova secretaria, criada a partir da recente reforma administrativa da gest\u00e3o municipal.<\/p>\n<p>Tamb\u00e9m participaram da reuni\u00e3o a vice-prefeita Dayse Silva, a secret\u00e1ria da Mulher, Luana Marabuco, a vereadora Aline Nascimento, os secret\u00e1rios Vital Flor\u00eancio (Sesp) e Anderson Luiz (SAP), al\u00e9m do executivo da nova pasta, Alexandre Leite.<\/p>\n<p>Durante a reuni\u00e3o, o prefeito destacou a import\u00e2ncia da nova secretaria para a cidade. \u201cA preocupa\u00e7\u00e3o e o trabalho com a sustentabilidade e com as pol\u00edticas p\u00fablicas voltadas aos animais j\u00e1 s\u00e3o uma realidade na nossa gest\u00e3o. Agora, estruturamos uma secretaria que ir\u00e1 buscar recursos, inclusive junto ao terceiro setor e aos governos federal e estadual. Esta \u00e9 uma iniciativa que refor\u00e7a o que j\u00e1 vem sendo feito, de forma mais efetiva. Desejamos sucesso ao secret\u00e1rio Renato Lyra nesse novo desafio\u201d, afirmou Rodrigo Pinheiro.<\/p>\n<p>O secret\u00e1rio Renato Lyra ressaltou os pr\u00f3ximos passos da pasta. \u201cHoje \u00e9 um momento de muita felicidade. Vamos focar inicialmente em fazer um diagn\u00f3stico completo do que precisa ser melhorado e ampliar os servi\u00e7os j\u00e1 existentes, como o AME Animal, a unidade de conserva\u00e7\u00e3o e todas as a\u00e7\u00f5es ligadas \u00e0 sustentabilidade\u201d, pontuou. Foto: Rafael Moreira<br \/>\nSiga o Instagram do Blog pelo @blogdoedvaldomagalhaes<\/p>\n","protected":false},"excerpt":{"rendered":"<p>Na manh\u00e3 deste s\u00e1bado (03.05), o prefeito de Caruaru, Rodrigo Pinheiro, se reuniu no Pal\u00e1cio Jaime Nejaim com o novo&hellip;<\/p>\n","protected":false},"author":1,"featured_media":119128,"comment_status":"closed","ping_status":"open","sticky":false,"template":"","format":"standard","meta":{"footnotes":""},"categories":[14122],"tags":[28803,27410,2,28801,20,33514],"class_list":["post-119127","post","type-post","status-publish","format-standard","has-post-thumbnail","hentry","category-politica","tag-blog-com-mais-visualizacoes","tag-blog-de-caruaru","tag-blog-do-edvaldo-magalhaes","tag-blog-mais-acessado","tag-politica","tag-secretaria-de-sustentabilidade-e-bem-estar-animal-inicia-trabalho-em-caruaru-com-renato-lyra-e-alexandre-leite"],"_links":{"self":[{"href":"https:\/\/blogdoedvaldomagalhaes.com.br\/index.php\/wp-json\/wp\/v2\/posts\/119127","targetHints":{"allow":["GET"]}}],"collection":[{"href":"https:\/\/blogdoedvaldomagalhaes.com.br\/index.php\/wp-json\/wp\/v2\/posts"}],"about":[{"href":"https:\/\/blogdoedvaldomagalhaes.com.br\/index.php\/wp-json\/wp\/v2\/types\/post"}],"author":[{"embeddable":true,"href":"https:\/\/blogdoedvaldomagalhaes.com.br\/index.php\/wp-json\/wp\/v2\/users\/1"}],"replies":[{"embeddable":true,"href":"https:\/\/blogdoedvaldomagalhaes.com.br\/index.php\/wp-json\/wp\/v2\/comments?post=119127"}],"version-history":[{"count":2,"href":"https:\/\/blogdoedvaldomagalhaes.com.br\/index.php\/wp-json\/wp\/v2\/posts\/119127\/revisions"}],"predecessor-version":[{"id":119130,"href":"https:\/\/blogdoedvaldomagalhaes.com.br\/index.php\/wp-json\/wp\/v2\/posts\/119127\/revisions\/119130"}],"wp:featuredmedia":[{"embeddable":true,"href":"https:\/\/blogdoedvaldomagalhaes.com.br\/index.php\/wp-json\/wp\/v2\/media\/119128"}],"wp:attachment":[{"href":"https:\/\/blogdoedvaldomagalhaes.com.br\/index.php\/wp-json\/wp\/v2\/media?parent=119127"}],"wp:term":[{"taxonomy":"category","embeddable":true,"href":"https:\/\/blogdoedvaldomagalhaes.com.br\/index.php\/wp-json\/wp\/v2\/categories?post=119127"},{"taxonomy":"post_tag","embeddable":true,"href":"https:\/\/blogdoedvaldomagalhaes.com.br\/index.php\/wp-json\/wp\/v2\/tags?post=119127"}],"curies":[{"name":"wp","href":"https:\/\/api.w.org\/{rel}","templated":true}]}}