{"id":119124,"date":"2025-05-03T13:07:33","date_gmt":"2025-05-03T16:07:33","guid":{"rendered":"https:\/\/blogdoedvaldomagalhaes.com.br\/?p=119124"},"modified":"2025-05-03T13:07:33","modified_gmt":"2025-05-03T16:07:33","slug":"dois-traficantes-e-um-homicida-presos-pela-pm","status":"publish","type":"post","link":"https:\/\/blogdoedvaldomagalhaes.com.br\/index.php\/2025\/05\/03\/dois-traficantes-e-um-homicida-presos-pela-pm\/","title":{"rendered":"Dois traficantes e um homicida presos pela PM"},"content":{"rendered":"<p>Em a\u00e7\u00e3o coordenada, policiais militares do 2\u00ba BPM realizaram opera\u00e7\u00f5es de grande relev\u00e2ncia em Paudalho, na madrugada deste s\u00e1bado(03\/05), que culminaram em pris\u00f5es qualificadas e apreens\u00f5es de materiais il\u00edcitos. A primeira delas ocorreu no Alto Dois Irm\u00e3os, com a captura de um homem e apreens\u00e3o de um adolescente. Com eles, foram recolhidos  um rev\u00f3lver calibre .38, muni\u00e7\u00f5es, um celular com queixa de roubo e 150 pedras de crack. Pouco depois, foi a vez da captura de um suspeito apontado como respons\u00e1vel por dois homic\u00eddios no Jardim Primavera. Todos foram apresentados na Delegacia de Pol\u00edcia Civil de Nazar\u00e9 da Mata, para ado\u00e7\u00e3o das medidas legais cab\u00edveis.<br \/>\nSiga o Instagram do Blog pelo @blogdoedvaldomagalhaes<br \/>\nFoto: Divulga\u00e7\u00e3o\/PMPE <\/p>\n","protected":false},"excerpt":{"rendered":"<p>Em a\u00e7\u00e3o coordenada, policiais militares do 2\u00ba BPM realizaram opera\u00e7\u00f5es de grande relev\u00e2ncia em Paudalho, na madrugada deste s\u00e1bado(03\/05), que&hellip;<\/p>\n","protected":false},"author":1,"featured_media":119125,"comment_status":"closed","ping_status":"open","sticky":false,"template":"","format":"standard","meta":{"footnotes":""},"categories":[14121],"tags":[30592,2,28801,3406,33513],"class_list":["post-119124","post","type-post","status-publish","format-standard","has-post-thumbnail","hentry","category-policial","tag-blog-com-mais-seguidores","tag-blog-do-edvaldo-magalhaes","tag-blog-mais-acessado","tag-caruaru","tag-dois-traficantes-e-um-homicida-presos-pela-pm"],"_links":{"self":[{"href":"https:\/\/blogdoedvaldomagalhaes.com.br\/index.php\/wp-json\/wp\/v2\/posts\/119124","targetHints":{"allow":["GET"]}}],"collection":[{"href":"https:\/\/blogdoedvaldomagalhaes.com.br\/index.php\/wp-json\/wp\/v2\/posts"}],"about":[{"href":"https:\/\/blogdoedvaldomagalhaes.com.br\/index.php\/wp-json\/wp\/v2\/types\/post"}],"author":[{"embeddable":true,"href":"https:\/\/blogdoedvaldomagalhaes.com.br\/index.php\/wp-json\/wp\/v2\/users\/1"}],"replies":[{"embeddable":true,"href":"https:\/\/blogdoedvaldomagalhaes.com.br\/index.php\/wp-json\/wp\/v2\/comments?post=119124"}],"version-history":[{"count":1,"href":"https:\/\/blogdoedvaldomagalhaes.com.br\/index.php\/wp-json\/wp\/v2\/posts\/119124\/revisions"}],"predecessor-version":[{"id":119126,"href":"https:\/\/blogdoedvaldomagalhaes.com.br\/index.php\/wp-json\/wp\/v2\/posts\/119124\/revisions\/119126"}],"wp:featuredmedia":[{"embeddable":true,"href":"https:\/\/blogdoedvaldomagalhaes.com.br\/index.php\/wp-json\/wp\/v2\/media\/119125"}],"wp:attachment":[{"href":"https:\/\/blogdoedvaldomagalhaes.com.br\/index.php\/wp-json\/wp\/v2\/media?parent=119124"}],"wp:term":[{"taxonomy":"category","embeddable":true,"href":"https:\/\/blogdoedvaldomagalhaes.com.br\/index.php\/wp-json\/wp\/v2\/categories?post=119124"},{"taxonomy":"post_tag","embeddable":true,"href":"https:\/\/blogdoedvaldomagalhaes.com.br\/index.php\/wp-json\/wp\/v2\/tags?post=119124"}],"curies":[{"name":"wp","href":"https:\/\/api.w.org\/{rel}","templated":true}]}}