{"id":119121,"date":"2025-05-03T11:07:42","date_gmt":"2025-05-03T14:07:42","guid":{"rendered":"https:\/\/blogdoedvaldomagalhaes.com.br\/?p=119121"},"modified":"2025-05-03T11:07:42","modified_gmt":"2025-05-03T14:07:42","slug":"vila-jua-inicia-segunda-semana-de-sao-joao-da-roca-confira-a-programacao-nestes-sabado-03-e-domingo-04","status":"publish","type":"post","link":"https:\/\/blogdoedvaldomagalhaes.com.br\/index.php\/2025\/05\/03\/vila-jua-inicia-segunda-semana-de-sao-joao-da-roca-confira-a-programacao-nestes-sabado-03-e-domingo-04\/","title":{"rendered":"Vila Ju\u00e1 inicia segunda semana de S\u00e3o Jo\u00e3o da Ro\u00e7a; Confira a programa\u00e7\u00e3o nestes s\u00e1bado (03) e domingo (04)"},"content":{"rendered":"<p>O p\u00fablico forrozeiro marcou presen\u00e7a na Vila do Ju\u00e1 nesta sexta-feira (2). Dos pequenos aos mais velhos, todos tiveram a oportunidade de curtir o forr\u00f3 tradicional na abertura do segundo fim de semana do S\u00e3o Jo\u00e3o na Ro\u00e7a, marcada pela seguran\u00e7a e anima\u00e7\u00e3o que fez sucesso com toda a fam\u00edlia. <\/p>\n<p>Um dos mini forrozeiros que inauguraram a roupa xadrez e os primeiros passos de forr\u00f3 foi o pequeno Miguel, de 4 anos, morador da localidade. Acompanhado de familiares, ele foi uma das v\u00e1rias crian\u00e7as que aproveitaram toda a programa\u00e7\u00e3o, dos shows ao parque de divers\u00f5es.<\/p>\n<p>\u201cA experi\u00eancia do S\u00e3o Jo\u00e3o da Ro\u00e7a \u00e9 muito gratificante pra gente. \u00c9 uma homenagem \u00e0s nossas ra\u00edzes e uma oportunidade de reunir toda a fam\u00edlia e os amigos em uma festa bonita e com toda a seguran\u00e7a. \u00c9 muito bom poder reunir todo mundo\u201d, celebrou a enfermeira Ingrid Naely, tia de Miguel. <\/p>\n<p>Com sucesso de p\u00fablico, a vila recebeu os shows do Trio Caf\u00e9 com Leite, Banda Fole de Ouro e Hebert Lucena, al\u00e9m de apresenta\u00e7\u00f5es itinerantes da Banda de P\u00edfanos Cultural e o Batalh\u00e3o de Bacamarteiros 25. <\/p>\n<p>A programa\u00e7\u00e3o ter\u00e1 continuidade neste s\u00e1bado (3), em Gon\u00e7alves Ferreira, e no domingo (4), em Ita\u00fana. O S\u00e3o Jo\u00e3o na Ro\u00e7a segue at\u00e9 o dia 24 de maio, visitando um total de 13 localidades. <\/p>\n<p>Confira a programa\u00e7\u00e3o deste fim de semana:<\/p>\n<p>S\u00e1bado (3) &#8211; Gon\u00e7alves Ferreira<br \/>\n18h &#8211; Batalh\u00e3o Bacamarteiro 27<br \/>\n18h &#8211; Banda de P\u00edfanos Nossa Senhora das Gra\u00e7as<br \/>\n18h &#8211; Trio Tabajara<br \/>\n20h &#8211; Carlinhos Bala<br \/>\n22h &#8211; Beto Hortis<\/p>\n<p>Domingo (4) &#8211; Vial Ita\u00fana:<br \/>\n16h &#8211; Batalh\u00e3o Bacamarteiro 33<br \/>\n16h &#8211; Quadrilha Tradicional Arrastap\u00e9<br \/>\n16h &#8211; Trio Vozes da Seca<br \/>\n17h &#8211; Walmir Silva<br \/>\n18h45 &#8211; Forr\u00f3 Chicote<br \/>\nSeja seguidor do Instagram do Blog pelo @blogdoedvaldomagalhaes<br \/>\nFoto Jorge Farias\/Secom\/PMC<\/p>\n","protected":false},"excerpt":{"rendered":"<p>O p\u00fablico forrozeiro marcou presen\u00e7a na Vila do Ju\u00e1 nesta sexta-feira (2). Dos pequenos aos mais velhos, todos tiveram a&hellip;<\/p>\n","protected":false},"author":1,"featured_media":119122,"comment_status":"closed","ping_status":"open","sticky":false,"template":"","format":"standard","meta":{"footnotes":""},"categories":[14120],"tags":[29440,27410,2,28801,6758,33512],"class_list":["post-119121","post","type-post","status-publish","format-standard","has-post-thumbnail","hentry","category-noticias","tag-blog-com-mais-visualizacao","tag-blog-de-caruaru","tag-blog-do-edvaldo-magalhaes","tag-blog-mais-acessado","tag-sao-joao","tag-vila-jua-inicia-segunda-semana-de-sao-joao-da-roca-confira-a-programacao-nestes-sabado-03-e-domingo-04"],"_links":{"self":[{"href":"https:\/\/blogdoedvaldomagalhaes.com.br\/index.php\/wp-json\/wp\/v2\/posts\/119121","targetHints":{"allow":["GET"]}}],"collection":[{"href":"https:\/\/blogdoedvaldomagalhaes.com.br\/index.php\/wp-json\/wp\/v2\/posts"}],"about":[{"href":"https:\/\/blogdoedvaldomagalhaes.com.br\/index.php\/wp-json\/wp\/v2\/types\/post"}],"author":[{"embeddable":true,"href":"https:\/\/blogdoedvaldomagalhaes.com.br\/index.php\/wp-json\/wp\/v2\/users\/1"}],"replies":[{"embeddable":true,"href":"https:\/\/blogdoedvaldomagalhaes.com.br\/index.php\/wp-json\/wp\/v2\/comments?post=119121"}],"version-history":[{"count":1,"href":"https:\/\/blogdoedvaldomagalhaes.com.br\/index.php\/wp-json\/wp\/v2\/posts\/119121\/revisions"}],"predecessor-version":[{"id":119123,"href":"https:\/\/blogdoedvaldomagalhaes.com.br\/index.php\/wp-json\/wp\/v2\/posts\/119121\/revisions\/119123"}],"wp:featuredmedia":[{"embeddable":true,"href":"https:\/\/blogdoedvaldomagalhaes.com.br\/index.php\/wp-json\/wp\/v2\/media\/119122"}],"wp:attachment":[{"href":"https:\/\/blogdoedvaldomagalhaes.com.br\/index.php\/wp-json\/wp\/v2\/media?parent=119121"}],"wp:term":[{"taxonomy":"category","embeddable":true,"href":"https:\/\/blogdoedvaldomagalhaes.com.br\/index.php\/wp-json\/wp\/v2\/categories?post=119121"},{"taxonomy":"post_tag","embeddable":true,"href":"https:\/\/blogdoedvaldomagalhaes.com.br\/index.php\/wp-json\/wp\/v2\/tags?post=119121"}],"curies":[{"name":"wp","href":"https:\/\/api.w.org\/{rel}","templated":true}]}}