{"id":119118,"date":"2025-05-03T10:59:21","date_gmt":"2025-05-03T13:59:21","guid":{"rendered":"https:\/\/blogdoedvaldomagalhaes.com.br\/?p=119118"},"modified":"2025-05-03T10:59:21","modified_gmt":"2025-05-03T13:59:21","slug":"torneio-solidario-em-prol-de-kuki-no-arruda-no-recife-neste-domingo-04","status":"publish","type":"post","link":"https:\/\/blogdoedvaldomagalhaes.com.br\/index.php\/2025\/05\/03\/torneio-solidario-em-prol-de-kuki-no-arruda-no-recife-neste-domingo-04\/","title":{"rendered":"Torneio Solid\u00e1rio em prol de Kuki, no Arruda, no Recife, neste domingo (04)"},"content":{"rendered":"<p>A programa\u00e7\u00e3o do jogo solid\u00e1rio come\u00e7a com o confronto entre Santa Cruz e N\u00e1utico, disputado em dois tempos de 30 minutos. Em seguida, Sport e Central entram em campo. A iniciativa contar\u00e1 com a presen\u00e7a de grandes nomes que marcaram a hist\u00f3ria dos quatro clubes pernambucanos.<\/p>\n<p>O time do Santa Cruz ter\u00e1 \u00e0 disposi\u00e7\u00e3o Pop\u00f3, Chiquinho, C\u00e9sar, Jr. Cordel, Z\u00e9 do Carmo, Nido Love, Marc\u00edlio, Leto, Marlon, Fernando, C\u00e9lio, Michel, Cristiano, Edvan, Edson Limoeiro, Wellington Madeira, Roberval, Ericson, Caf\u00e9, Wilton Pantera e Cl\u00e1udio.<\/p>\n<p>J\u00e1 o N\u00e1utico tem confirmadas as presen\u00e7as de Nivaldo, L\u00facio Surubim, L\u00e9o, Nunes, Barros, Alex, Lau, Gaibu e Acosta.<\/p>\n<p>O time rubro-negro vem de C\u00e9sar Lucena, Dutra, D\u00e1rio, Diogo, Nildo, J\u00falio Sheyck, Jo\u00e3o Ricardo e Jean. <\/p>\n<p>A Patativa enfrenta o Sport com Jadson, Danda, Alem\u00e3o Zidane, Serginho, Gilberto, Normando, Bento, Reginaldo Cachimbo, Bezerra, Sil, Ryder, Jo\u00e3o Euz\u00e9bio<\/p>\n<p>Para acompanhar os jogos, os torcedores devem fazer uma doa\u00e7\u00e3o m\u00ednima de R$ 10 via PIX para a chave 089.089.444-7, em nome de Vanessa Kelly Melo de Paula, esposa de Kuki. \u00c9 necess\u00e1rio apresentar o comprovante na entrada do est\u00e1dio.<\/p>\n<p>Os acessos estar\u00e3o liberados pelos port\u00f5es 3 (sociais) e 4 (Rua das Mo\u00e7as).<br \/>\nSiga o Instagram do Blog pelo @blogdoedvaldomagalhaes<\/p>\n","protected":false},"excerpt":{"rendered":"<p>A programa\u00e7\u00e3o do jogo solid\u00e1rio come\u00e7a com o confronto entre Santa Cruz e N\u00e1utico, disputado em dois tempos de 30&hellip;<\/p>\n","protected":false},"author":1,"featured_media":119119,"comment_status":"closed","ping_status":"open","sticky":false,"template":"","format":"standard","meta":{"footnotes":""},"categories":[14120],"tags":[28803,27410,13146,28801,3,33511],"class_list":["post-119118","post","type-post","status-publish","format-standard","has-post-thumbnail","hentry","category-noticias","tag-blog-com-mais-visualizacoes","tag-blog-de-caruaru","tag-blog-edvaldo-magalhaes","tag-blog-mais-acessado","tag-futebol","tag-torneio-solidario-em-prol-de-kuki-no-arruda-no-recife-neste-domingo-04"],"_links":{"self":[{"href":"https:\/\/blogdoedvaldomagalhaes.com.br\/index.php\/wp-json\/wp\/v2\/posts\/119118","targetHints":{"allow":["GET"]}}],"collection":[{"href":"https:\/\/blogdoedvaldomagalhaes.com.br\/index.php\/wp-json\/wp\/v2\/posts"}],"about":[{"href":"https:\/\/blogdoedvaldomagalhaes.com.br\/index.php\/wp-json\/wp\/v2\/types\/post"}],"author":[{"embeddable":true,"href":"https:\/\/blogdoedvaldomagalhaes.com.br\/index.php\/wp-json\/wp\/v2\/users\/1"}],"replies":[{"embeddable":true,"href":"https:\/\/blogdoedvaldomagalhaes.com.br\/index.php\/wp-json\/wp\/v2\/comments?post=119118"}],"version-history":[{"count":1,"href":"https:\/\/blogdoedvaldomagalhaes.com.br\/index.php\/wp-json\/wp\/v2\/posts\/119118\/revisions"}],"predecessor-version":[{"id":119120,"href":"https:\/\/blogdoedvaldomagalhaes.com.br\/index.php\/wp-json\/wp\/v2\/posts\/119118\/revisions\/119120"}],"wp:featuredmedia":[{"embeddable":true,"href":"https:\/\/blogdoedvaldomagalhaes.com.br\/index.php\/wp-json\/wp\/v2\/media\/119119"}],"wp:attachment":[{"href":"https:\/\/blogdoedvaldomagalhaes.com.br\/index.php\/wp-json\/wp\/v2\/media?parent=119118"}],"wp:term":[{"taxonomy":"category","embeddable":true,"href":"https:\/\/blogdoedvaldomagalhaes.com.br\/index.php\/wp-json\/wp\/v2\/categories?post=119118"},{"taxonomy":"post_tag","embeddable":true,"href":"https:\/\/blogdoedvaldomagalhaes.com.br\/index.php\/wp-json\/wp\/v2\/tags?post=119118"}],"curies":[{"name":"wp","href":"https:\/\/api.w.org\/{rel}","templated":true}]}}