{"id":119111,"date":"2025-05-03T06:47:09","date_gmt":"2025-05-03T09:47:09","guid":{"rendered":"https:\/\/blogdoedvaldomagalhaes.com.br\/?p=119111"},"modified":"2025-05-03T06:51:51","modified_gmt":"2025-05-03T09:51:51","slug":"quatro-pessoas-foram-assassinadas-no-inicio-do-mes-de-maio-em-caruaru","status":"publish","type":"post","link":"https:\/\/blogdoedvaldomagalhaes.com.br\/index.php\/2025\/05\/03\/quatro-pessoas-foram-assassinadas-no-inicio-do-mes-de-maio-em-caruaru\/","title":{"rendered":"Quatro pessoas foram assassinadas no in\u00edcio do m\u00eas de maio em Caruaru"},"content":{"rendered":"<p><span style=\"font-size: revert;\">O m\u00eas de maio come\u00e7ou violento em Caruaru. Foram registrados dois homic\u00eddios na madrugada da quinta-feira (1\u00ba\/05). Os crimes ocorreram no bairro Centen\u00e1rio e tiveram como v\u00edtimas Jeorge Silva Santos, de 27 anos, e Wellington dos Santos Pacheco, de 22.<\/span><\/p>\n<p>A primeira v\u00edtima foi\u00a0Jeorge Silva, atingido por pelo menos cinco disparos que acertaram as pernas, bra\u00e7os e a nuca. O corpo foi encontrado na Rua do Degredo em uma \u00e1rea onde, segundo a pol\u00edcia, havia sinais de consumo de bebida alco\u00f3lica com outras pessoas. Jeorge tinha passagem por crime de homic\u00eddio, e todas as linhas de investiga\u00e7\u00e3o est\u00e3o sendo consideradas.<\/p>\n<p>Pouco depois,\u00a0Wellington\u00a0foi executado na Rua Professora Maria Em\u00edlia. De acordo com a pol\u00edcia, ele havia sa\u00eddo de um posto de combust\u00edvel, onde bebia, e estava a caminho de casa quando foi emboscado por dois homens em uma motocicleta, que dispararam v\u00e1rias vezes. Wellington morreu no local. Ele tamb\u00e9m tinha passagem pelo sistema prisional.<\/p>\n<p>A Delegacia de Homic\u00eddios de Caruaru est\u00e1 apurando os dois assassinatos, que, apesar da proximidade temporal, aconteceram em locais distintos e ainda n\u00e3o t\u00eam conex\u00e3o confirmada.<\/p>\n<p>Duplo homic\u00eddio<\/p>\n<p><span style=\"font-size: revert;\">Na noite dessa sexta-feira (02.05), um duplo homic\u00eddio foi registrado na Vila Malhada de Pedra, na Zona Rural Caruaru.. Dois homens foram assassinados a tiros e outro baleado. Jos\u00e9 Ferreira da Cruz, de 41 anos, e um homem conhecido por Diel morreram no local e a terceira v\u00edtima foi socorrida pelo SAMU para a UPA do Salgado.<\/span><\/p>\n<p>Segundo testemunhas, as v\u00edtimas estavam em um churrasquinho quando foram surpreendidas pelos assassinos em um carro. A Pol\u00edcia Civil iniciou as investiga\u00e7\u00f5es.<\/p>\n<p>Com estas mortes, passa para 4 o n\u00famero de homic\u00eddios neste m\u00eas de maio em Caruaru. Este ano, de janeiro at\u00e9 agora, mataram no munic\u00edpio 35 pessoas. <span style=\"font-size: revert;\">Duplo homic\u00eddio em Caruaru &#8211; Foto: Reprodu\u00e7\u00e3o\/Blog do Adielson Galv\u00e3o.<br \/>\nSiga o Instagram do Blog e comente pelo @blogdoedvaldomagalhaes<\/span><\/p>\n","protected":false},"excerpt":{"rendered":"<p>O m\u00eas de maio come\u00e7ou violento em Caruaru. Foram registrados dois homic\u00eddios na madrugada da quinta-feira (1\u00ba\/05). Os crimes ocorreram&hellip;<\/p>\n","protected":false},"author":1,"featured_media":119112,"comment_status":"closed","ping_status":"open","sticky":false,"template":"","format":"standard","meta":{"footnotes":""},"categories":[14121],"tags":[30592,2,28801,3406,5448],"class_list":["post-119111","post","type-post","status-publish","format-standard","has-post-thumbnail","hentry","category-policial","tag-blog-com-mais-seguidores","tag-blog-do-edvaldo-magalhaes","tag-blog-mais-acessado","tag-caruaru","tag-homicidio"],"_links":{"self":[{"href":"https:\/\/blogdoedvaldomagalhaes.com.br\/index.php\/wp-json\/wp\/v2\/posts\/119111","targetHints":{"allow":["GET"]}}],"collection":[{"href":"https:\/\/blogdoedvaldomagalhaes.com.br\/index.php\/wp-json\/wp\/v2\/posts"}],"about":[{"href":"https:\/\/blogdoedvaldomagalhaes.com.br\/index.php\/wp-json\/wp\/v2\/types\/post"}],"author":[{"embeddable":true,"href":"https:\/\/blogdoedvaldomagalhaes.com.br\/index.php\/wp-json\/wp\/v2\/users\/1"}],"replies":[{"embeddable":true,"href":"https:\/\/blogdoedvaldomagalhaes.com.br\/index.php\/wp-json\/wp\/v2\/comments?post=119111"}],"version-history":[{"count":3,"href":"https:\/\/blogdoedvaldomagalhaes.com.br\/index.php\/wp-json\/wp\/v2\/posts\/119111\/revisions"}],"predecessor-version":[{"id":119115,"href":"https:\/\/blogdoedvaldomagalhaes.com.br\/index.php\/wp-json\/wp\/v2\/posts\/119111\/revisions\/119115"}],"wp:featuredmedia":[{"embeddable":true,"href":"https:\/\/blogdoedvaldomagalhaes.com.br\/index.php\/wp-json\/wp\/v2\/media\/119112"}],"wp:attachment":[{"href":"https:\/\/blogdoedvaldomagalhaes.com.br\/index.php\/wp-json\/wp\/v2\/media?parent=119111"}],"wp:term":[{"taxonomy":"category","embeddable":true,"href":"https:\/\/blogdoedvaldomagalhaes.com.br\/index.php\/wp-json\/wp\/v2\/categories?post=119111"},{"taxonomy":"post_tag","embeddable":true,"href":"https:\/\/blogdoedvaldomagalhaes.com.br\/index.php\/wp-json\/wp\/v2\/tags?post=119111"}],"curies":[{"name":"wp","href":"https:\/\/api.w.org\/{rel}","templated":true}]}}