{"id":1191,"date":"2018-09-27T19:55:00","date_gmt":"2018-09-27T22:55:00","guid":{"rendered":"http:\/\/blogdoedvaldomagalhaes.com.br\/index.php\/2018\/09\/27\/confira-mudanca-na-linha-de-onibus-133\/"},"modified":"2019-02-09T02:32:44","modified_gmt":"2019-02-09T04:32:44","slug":"confira-mudanca-na-linha-de-onibus-133","status":"publish","type":"post","link":"https:\/\/blogdoedvaldomagalhaes.com.br\/index.php\/2018\/09\/27\/confira-mudanca-na-linha-de-onibus-133\/","title":{"rendered":"Confira a mudan\u00e7a na Linha de \u00f4nibus 133-Caru\u00e1 em Caruaru"},"content":{"rendered":"<div class=\"separator\" style=\"clear: both; text-align: center;\">\n<a href=\"https:\/\/3.bp.blogspot.com\/-V6S-ACEciaU\/W601g7tA4nI\/AAAAAAAA6w4\/tAA8iL7OgCQULnSrjAkG6XCGqEE5-SlOQCLcBGAs\/s1600\/linha.jpg\" imageanchor=\"1\" style=\"margin-left: 1em; margin-right: 1em;\"><img loading=\"lazy\" decoding=\"async\" border=\"0\" data-original-height=\"512\" data-original-width=\"512\" height=\"640\" src=\"http:\/\/blogdoedvaldomagalhaes.com.br\/wp-content\/uploads\/2018\/09\/linha.jpg\" width=\"640\" \/><\/a><\/div>\n<p><\/p>\n<div style=\"text-align: justify;\">\nNesta quinta-feira (27), a Autarquia Municipal de Defesa Social, Tr\u00e2nsito e Transportes (Destra) informou que a linha 133-Caru\u00e1 passar\u00e1 por altera\u00e7\u00f5es no itiner\u00e1rio a partir da pr\u00f3xima segunda-feira, 01.&nbsp; A linha ir\u00e1 atender o bairro Severino Afonso por meio das ruas Jo\u00e3o Batista de Lima e Panamericana, at\u00e9 a via local da BR 104. J\u00e1 a avenida Jo\u00e3o Soares de Lira deixa de fazer parte do itiner\u00e1rio da referida linha. A mudan\u00e7a ir\u00e1 garantir que o servi\u00e7o da linha 133 deixe de ser sobreposto ao da linha 114-Jardim Panorama\/Via Jardim Boa Vista em cerca de 900 metros, al\u00e9m de aumentar a oferta de viagens no bairro Severino Afonso, com intervalos de 30 minutos.<\/div>\n","protected":false},"excerpt":{"rendered":"<p>Nesta quinta-feira (27), a Autarquia Municipal de Defesa Social, Tr\u00e2nsito e Transportes (Destra) informou que a linha 133-Caru\u00e1 passar\u00e1 por&hellip;<\/p>\n","protected":false},"author":1,"featured_media":0,"comment_status":"open","ping_status":"open","sticky":false,"template":"","format":"standard","meta":{"footnotes":""},"categories":[1],"tags":[2,1150,6],"class_list":["post-1191","post","type-post","status-publish","format-standard","hentry","category-sem-categoria","tag-blog-do-edvaldo-magalhaes","tag-confira-a-mudanca-na-linha-de-onibus-133-carua-em-caruaru","tag-noticias"],"_links":{"self":[{"href":"https:\/\/blogdoedvaldomagalhaes.com.br\/index.php\/wp-json\/wp\/v2\/posts\/1191","targetHints":{"allow":["GET"]}}],"collection":[{"href":"https:\/\/blogdoedvaldomagalhaes.com.br\/index.php\/wp-json\/wp\/v2\/posts"}],"about":[{"href":"https:\/\/blogdoedvaldomagalhaes.com.br\/index.php\/wp-json\/wp\/v2\/types\/post"}],"author":[{"embeddable":true,"href":"https:\/\/blogdoedvaldomagalhaes.com.br\/index.php\/wp-json\/wp\/v2\/users\/1"}],"replies":[{"embeddable":true,"href":"https:\/\/blogdoedvaldomagalhaes.com.br\/index.php\/wp-json\/wp\/v2\/comments?post=1191"}],"version-history":[{"count":1,"href":"https:\/\/blogdoedvaldomagalhaes.com.br\/index.php\/wp-json\/wp\/v2\/posts\/1191\/revisions"}],"predecessor-version":[{"id":34421,"href":"https:\/\/blogdoedvaldomagalhaes.com.br\/index.php\/wp-json\/wp\/v2\/posts\/1191\/revisions\/34421"}],"wp:attachment":[{"href":"https:\/\/blogdoedvaldomagalhaes.com.br\/index.php\/wp-json\/wp\/v2\/media?parent=1191"}],"wp:term":[{"taxonomy":"category","embeddable":true,"href":"https:\/\/blogdoedvaldomagalhaes.com.br\/index.php\/wp-json\/wp\/v2\/categories?post=1191"},{"taxonomy":"post_tag","embeddable":true,"href":"https:\/\/blogdoedvaldomagalhaes.com.br\/index.php\/wp-json\/wp\/v2\/tags?post=1191"}],"curies":[{"name":"wp","href":"https:\/\/api.w.org\/{rel}","templated":true}]}}