{"id":119042,"date":"2025-04-30T22:53:02","date_gmt":"2025-05-01T01:53:02","guid":{"rendered":"https:\/\/blogdoedvaldomagalhaes.com.br\/?p=119042"},"modified":"2025-04-30T23:02:35","modified_gmt":"2025-05-01T02:02:35","slug":"confira-a-programacao-do-sao-joao-de-gravata-2025-arraial-da-felicidade","status":"publish","type":"post","link":"https:\/\/blogdoedvaldomagalhaes.com.br\/index.php\/2025\/04\/30\/confira-a-programacao-do-sao-joao-de-gravata-2025-arraial-da-felicidade\/","title":{"rendered":"Confira a programa\u00e7\u00e3o do S\u00e3o Jo\u00e3o de Gravat\u00e1 2025: \u201cArraial da Felicidade\u201d"},"content":{"rendered":"<p>O prefeito de Gravat\u00e1, Joselito Gomes, e o secret\u00e1rio de Turismo, Cultura, Esportes e Lazer, Marllon Lima, realizaram o lan\u00e7amento da programa\u00e7\u00e3o do S\u00e3o Jo\u00e3o de Gravat\u00e1 2025, nesta quarta-feira, 30 de abril, numa festa que come\u00e7ou a partir das 17h. O Alto do Cruzeiro foi transformado em um grande arrai\u00e1 para receber autoridades, a imprensa e, claro, os gravataenses, com atra\u00e7\u00f5es musicais, apresenta\u00e7\u00f5es culturais e aquele charme que s\u00f3 o S\u00e3o Jo\u00e3o do Arraial da Felicidade oferece.<br \/>\n\u00a0<br \/>\nUma das mais aguardadas festas do calend\u00e1rio da charmosa cidade do Agreste pernambucano, o S\u00e3o Jo\u00e3o de Gravat\u00e1 2025 acontecer\u00e1 de 17 de maio a 29 de junho. A abertura ser\u00e1 durante o projeto Tardes no Polo, em uma edi\u00e7\u00e3o especial, com muito arrasta-p\u00e9 e culin\u00e1ria junina no tradicional Polo Moveleiro, cart\u00e3o-postal da cidade.<br \/>\n\u00a0<br \/>\nDe acordo com o prefeito Joselito Gomes, entre as novidades deste ano, est\u00e1 o Arrai\u00e1 da Rua do Norte, que tem despontado como um novo polo gastron\u00f4mico com bares e restaurantes. Por l\u00e1, a festa acontecer\u00e1 em dois domingos, nos dias 25 de maio e 1\u00ba de junho. Outra novidade \u00e9 o Polo Alto do Cruzeiro, que faz sua estreia este ano com uma programa\u00e7\u00e3o para todas as idades em um local que tem uma vista privilegiada de Gravat\u00e1, nos dias 22 e 23 de junho.<br \/>\n\u00a0<br \/>\nOs grandes nomes nacionais se apresentam no Polo P\u00e1tio de Eventos Chucre Mussa Zarzar, a partir de 7 de junho. Entre as atra\u00e7\u00f5es, Lim\u00e3o com Mel, Felipe Amorim, Jo\u00e3o Gomes, Luan Santana, Ana Castela, Wesley Safad\u00e3o, Bruno e Marrone, Mari Fernandez, Priscila Senna e Joyce Alane. O violeiro gravataense Heleno de Oliveira ser\u00e1 homenageado na festividade. A quadrilheira, Vera da Quadrilha Brega e Chique (in memoriam) tamb\u00e9m ser\u00e1 homenageada na edi\u00e7\u00e3o de 2025.<br \/>\n\u00a0<br \/>\nOutro local que os gravataenses e visitantes gostam de frequentar \u00e9 o Mercado Cultural, que ter\u00e1 muito forr\u00f3 todo s\u00e1bado e domingo, a partir de 18 de maio at\u00e9 o dia 29 de junho. A programa\u00e7\u00e3o ser\u00e1 divulgada em breve.<br \/>\n\u00a0<br \/>\nCom a terceira maior rede hoteleira do Estado, Gravat\u00e1 se prepara para operar com 100% de ocupa\u00e7\u00e3o durante o per\u00edodo junino, com m\u00e9dia de perman\u00eancia dos turistas estimada em quatro dias. Em clima de festa, todo o munic\u00edpio se mobiliza para a temporada de forr\u00f3 com amplia\u00e7\u00e3o de equipes nos restaurantes, com\u00e9rcio e hot\u00e9is. A expectativa \u00e9 de que o evento movimente cerca de R$ 300 milh\u00f5es com previs\u00e3o de gera\u00e7\u00e3o de mais de dez mil empregos diretos e indiretos, al\u00e9m de mais de mil neg\u00f3cios informais.<\/p>\n<p>A aut\u00f4noma Adjane Lima curte o S\u00e3o Jo\u00e3o e tamb\u00e9m aproveita para aumentar a renda com a venda de seus produtos. _*\u201dComo moradora de Gravat\u00e1, n\u00e3o poderia estar mais feliz e emocionada com o lan\u00e7amento da programa\u00e7\u00e3o do S\u00e3o Jo\u00e3o 2025! A cada ano, a nossa festa cresce, se organiza melhor e atrai ainda mais turistas, movimentando nossa economia e valorizando nossa cultura. Quero parabenizar e agradecer \u00e0 gest\u00e3o municipal pelo cuidado, pelo empenho e por colocar Gravat\u00e1 novamente em destaque como um dos melhores destinos juninos do Brasil. A cidade est\u00e1 viva, pulsando alegria e tradi\u00e7\u00e3o. Obrigada de cora\u00e7\u00e3o!&#8221;*_<\/p>\n<p>O radialista, cantor, compositor e violeiro Heleno de Oliveira ser\u00e1 um dos homenageados do S\u00e3o Jo\u00e3o de Gravat\u00e1 2025.<br \/>\n\u00a0<br \/>\nTARDES NO POLO<br \/>\n17\/05 \u2013 16h no Polo Moveleiro<br \/>\n\u00a0<br \/>\n\u00a0<br \/>\nP\u00c1TIO DE EVENTOS<br \/>\n\u00a0<br \/>\n07\/06 \u2013 S\u00e1bado<br \/>\nHeleno de oliveira (homenageado)<br \/>\nJuci\u00ea<br \/>\nWandonys<br \/>\nNatanzinho Lima<br \/>\n\u00a0<br \/>\n12\/06 \u2013 Quinta<br \/>\nTavinho e Banda<br \/>\nSirano E Sirino<br \/>\nFelipe Amorim<br \/>\nLim\u00e3o Com Mel<\/p>\n<p>13\/06 &#8211; Sexta<br \/>\nMyllena Dantas<br \/>\nJoyce Alane<br \/>\nJo\u00e3o Gomes<br \/>\nLuan Santana <\/p>\n<p>14\/06 \u2013 S\u00e1bado &#8211; Noite do forr\u00f3 raiz<br \/>\nGaleguinho de Gravat\u00e1<br \/>\nBenil\u2028Cristina Amaral<br \/>\nNovinho da Para\u00edba<br \/>\n\u00a0<br \/>\n20\/06 \u2013 Sexta<br \/>\nIvan Gadelha<br \/>\nClara Sobral<br \/>\nLipe Lucena<br \/>\nAna Castela<\/p>\n<p>21\/06 \u2013 S\u00e1bado<br \/>\nMichel Brocador \u00a0<br \/>\nWallas Arrais<br \/>\nEnzo Rabelo<br \/>\nWesley Safad\u00e3o<br \/>\nBruno e Marrone<br \/>\n\u00a0<br \/>\n22\/06 \u2013 Domingo<br \/>\nClima Nordestino<br \/>\nPV Calado<br \/>\nPriscila Sena<br \/>\nHenry Freitas<\/p>\n<p>23\/06 \u2013 Segunda<br \/>\nDon Tronxo<br \/>\nHelton Lima<br \/>\nL\u00e9o Magalh\u00e3es<br \/>\nMari Fernandez<br \/>\n\u00a0<br \/>\n\u00a0<br \/>\nS\u00c3O JO\u00c3O NOS DISTRITOS<br \/>\n\u00a0<br \/>\n21\/05 &#8211; S\u00e3o Severino<br \/>\n22\/05 &#8211; Russinha<br \/>\n23\/05 &#8211; Avencas<br \/>\n24\/05 &#8211; Uru\u00e7u Mirim<br \/>\n15\/06 &#8211; Mandacaru<br \/>\n\u00a0<br \/>\n\u00a0<br \/>\nS\u00c3O JO\u00c3O DA GENTE \u2013 Bairros<br \/>\n\u00a0<br \/>\n30\/05 &#8211; Festa do Maior P\u00e3o Doce do Mundo, no Bairro Novo<br \/>\n03\/06 &#8211; \u00c1rea Verde<br \/>\n04\/06 &#8211; Alpes Su\u00ed\u00e7o<br \/>\n05\/06 &#8211; Princesa Gales (entrega de ruas cal\u00e7adas)<br \/>\n06\/06 &#8211; Rua da Paz<br \/>\n10\/06 &#8211; Bairro do Prado <\/p>\n<p>PTR RUNNING \u2013 15\/06 \u2013 Mandacaru<br \/>\n\u00a0<br \/>\nEtapa Gravat\u00e1 corrida de trilha no calend\u00e1rio oficial do S\u00e3o Jo\u00e3o de Gravat\u00e1<br \/>\n15 de junho, no distrito de Mandacaru &#8211; Corrida e depois muito forr\u00f3.<br \/>\n\u00a0<br \/>\n\u00a0<br \/>\nARRAI\u00c1 DOS IDOSOS \u2013 Secretaria de Assist\u00eancia Social e Juventude<br \/>\n\u00a0<br \/>\n18\/06 &#8211; mini trio el\u00e9trico saindo da pra\u00e7a da Matriz ao Polo da Sanfona<br \/>\n\u00a0<br \/>\n\u00a0<br \/>\nMERCADO CULTURAL<br \/>\n\u00a0<br \/>\nMuito forr\u00f3 todo s\u00e1bado e domingo a partir de 18 de maio at\u00e9 o dia 29 de junho (programa\u00e7\u00e3o divulgada em breve)<br \/>\n\u00a0<\/p>\n<p>POLO DA SANFONA<br \/>\n\u00a0<br \/>\nDia 13, 14, 21, 22, 23, 28 e 29 &#8211; nomes j\u00e1 confirmados: Assis\u00e3o, Irah Caldeira, Ed Carlos, Raphael Moura) em breve programa\u00e7\u00e3o completa.<br \/>\n\u00a0<\/p>\n<p>POLO ALTO DO CRUZEIRO<br \/>\n\u00a0<br \/>\nDias 22 e 23 &#8211; nomes j\u00e1 confirmados: Lady Falc\u00e3o, Fim de Feira, (breve programa\u00e7\u00e3o completa)<\/p>\n<p>Reportagem: Rachel Mota (SECTURCEL), Rodolfo Lima e Filipe Vasconcelos (SECOM)_<br \/>\nFotos: Anderson Souza, Ednaldo Louren\u00e7o e Nilson Silva (SECOM)<br \/>\nSiga o Instagram do Blog pelo @blogdoedvaldomagalhaes<\/p>\n","protected":false},"excerpt":{"rendered":"<p>O prefeito de Gravat\u00e1, Joselito Gomes, e o secret\u00e1rio de Turismo, Cultura, Esportes e Lazer, Marllon Lima, realizaram o lan\u00e7amento&hellip;<\/p>\n","protected":false},"author":1,"featured_media":119043,"comment_status":"closed","ping_status":"open","sticky":false,"template":"","format":"standard","meta":{"footnotes":""},"categories":[14120],"tags":[29440,27410,13146,28801,33493,6758],"class_list":["post-119042","post","type-post","status-publish","format-standard","has-post-thumbnail","hentry","category-noticias","tag-blog-com-mais-visualizacao","tag-blog-de-caruaru","tag-blog-edvaldo-magalhaes","tag-blog-mais-acessado","tag-confira-a-programacao-do-sao-joao-de-gravata-2025-arraial-da-felicidade","tag-sao-joao"],"_links":{"self":[{"href":"https:\/\/blogdoedvaldomagalhaes.com.br\/index.php\/wp-json\/wp\/v2\/posts\/119042","targetHints":{"allow":["GET"]}}],"collection":[{"href":"https:\/\/blogdoedvaldomagalhaes.com.br\/index.php\/wp-json\/wp\/v2\/posts"}],"about":[{"href":"https:\/\/blogdoedvaldomagalhaes.com.br\/index.php\/wp-json\/wp\/v2\/types\/post"}],"author":[{"embeddable":true,"href":"https:\/\/blogdoedvaldomagalhaes.com.br\/index.php\/wp-json\/wp\/v2\/users\/1"}],"replies":[{"embeddable":true,"href":"https:\/\/blogdoedvaldomagalhaes.com.br\/index.php\/wp-json\/wp\/v2\/comments?post=119042"}],"version-history":[{"count":3,"href":"https:\/\/blogdoedvaldomagalhaes.com.br\/index.php\/wp-json\/wp\/v2\/posts\/119042\/revisions"}],"predecessor-version":[{"id":119046,"href":"https:\/\/blogdoedvaldomagalhaes.com.br\/index.php\/wp-json\/wp\/v2\/posts\/119042\/revisions\/119046"}],"wp:featuredmedia":[{"embeddable":true,"href":"https:\/\/blogdoedvaldomagalhaes.com.br\/index.php\/wp-json\/wp\/v2\/media\/119043"}],"wp:attachment":[{"href":"https:\/\/blogdoedvaldomagalhaes.com.br\/index.php\/wp-json\/wp\/v2\/media?parent=119042"}],"wp:term":[{"taxonomy":"category","embeddable":true,"href":"https:\/\/blogdoedvaldomagalhaes.com.br\/index.php\/wp-json\/wp\/v2\/categories?post=119042"},{"taxonomy":"post_tag","embeddable":true,"href":"https:\/\/blogdoedvaldomagalhaes.com.br\/index.php\/wp-json\/wp\/v2\/tags?post=119042"}],"curies":[{"name":"wp","href":"https:\/\/api.w.org\/{rel}","templated":true}]}}