{"id":119019,"date":"2025-04-30T08:53:22","date_gmt":"2025-04-30T11:53:22","guid":{"rendered":"https:\/\/blogdoedvaldomagalhaes.com.br\/?p=119019"},"modified":"2025-04-30T08:53:22","modified_gmt":"2025-04-30T11:53:22","slug":"caruaru-em-destaque-rodrigo-pinheiro-media-debate-sobre-inovacao-no-campo-durante-congresso-da-amupe","status":"publish","type":"post","link":"https:\/\/blogdoedvaldomagalhaes.com.br\/index.php\/2025\/04\/30\/caruaru-em-destaque-rodrigo-pinheiro-media-debate-sobre-inovacao-no-campo-durante-congresso-da-amupe\/","title":{"rendered":"Caruaru em destaque: Rodrigo Pinheiro media debate sobre inova\u00e7\u00e3o no campo durante congresso da Amupe"},"content":{"rendered":"<p>O prefeito de Caruaru, Rodrigo Pinheiro, participou como mediador da palestra \u201cSolu\u00e7\u00f5es Inovadoras para o Desenvolvimento Rural\u201d, na tarde desta ter\u00e7a-feira (29), durante o 8\u00ba Congresso da Associa\u00e7\u00e3o Municipalista de Pernambuco (Amupe). O evento reuniu gestores e especialistas para discutir estrat\u00e9gias que impulsionem a economia e melhorem a qualidade de vida nas \u00e1reas rurais.<\/p>\n<p>A sala tem\u00e1tica contou com as palestras de \u00c1tila Schaffer Morais, secret\u00e1rio de Agricultura, Meio Ambiente e Expans\u00e3o Econ\u00f4mica de Belo Campo, na Bahia; Bruno Ferreira Vilela, superintendente de Neg\u00f3cios do Serpro; al\u00e9m de Caetano de Carli, superintendente Federal do Desenvolvimento Agr\u00e1rio em Pernambuco, Minist\u00e9rio do Desenvolvimento Agr\u00e1rio e<br \/>\nAgricultura Familiar (SFDA-PE\/MDA). Ambos compartilharam experi\u00eancias bem-sucedidas, com foco em tecnologia, conectividade e inclus\u00e3o produtiva para popula\u00e7\u00f5es do campo.<\/p>\n<p>Rodrigo Pinheiro destacou a trajet\u00f3ria de Caruaru na implementa\u00e7\u00e3o de pol\u00edticas p\u00fablicas voltadas ao desenvolvimento rural sustent\u00e1vel e da agricultura familiar. O prefeito ressaltou que a transforma\u00e7\u00e3o no campo passa por inova\u00e7\u00e3o, parcerias e planejamento. \u201cInvestir no rural \u00e9 garantir futuro, \u00e9 gerar renda, inclus\u00e3o e qualidade de vida. Em Caruaru, estamos mostrando que \u00e9 poss\u00edvel fazer diferente e fazer melhor com gest\u00e3o eficiente\u201d, afirmou Pinheiro durante a media\u00e7\u00e3o da palestra.<\/p>\n<p>Em Caruaru, os investimentos realizados entre 2022 e 2025, somam mais de R$ 21 milh\u00f5es, al\u00e9m de a\u00e7\u00f5es concretas como capacita\u00e7\u00e3o de produtores, uso de tecnologia para melhorar a produtividade, apoio a pequenos empreendedores e fortalecimento das feiras e mercados locais.<br \/>\nSeja seguidor do Instagram do Blog pelo @blogdoedvaldomagalhaes<br \/>\nFoto: Divulga\u00e7\u00e3o<\/p>\n","protected":false},"excerpt":{"rendered":"<p>O prefeito de Caruaru, Rodrigo Pinheiro, participou como mediador da palestra \u201cSolu\u00e7\u00f5es Inovadoras para o Desenvolvimento Rural\u201d, na tarde desta&hellip;<\/p>\n","protected":false},"author":1,"featured_media":119020,"comment_status":"closed","ping_status":"open","sticky":false,"template":"","format":"standard","meta":{"footnotes":""},"categories":[14122],"tags":[28803,27410,2,28801,33486,20],"class_list":["post-119019","post","type-post","status-publish","format-standard","has-post-thumbnail","hentry","category-politica","tag-blog-com-mais-visualizacoes","tag-blog-de-caruaru","tag-blog-do-edvaldo-magalhaes","tag-blog-mais-acessado","tag-caruaru-em-destaque-rodrigo-pinheiro-media-debate-sobre-inovacao-no-campo-durante-congresso-da-amupe","tag-politica"],"_links":{"self":[{"href":"https:\/\/blogdoedvaldomagalhaes.com.br\/index.php\/wp-json\/wp\/v2\/posts\/119019","targetHints":{"allow":["GET"]}}],"collection":[{"href":"https:\/\/blogdoedvaldomagalhaes.com.br\/index.php\/wp-json\/wp\/v2\/posts"}],"about":[{"href":"https:\/\/blogdoedvaldomagalhaes.com.br\/index.php\/wp-json\/wp\/v2\/types\/post"}],"author":[{"embeddable":true,"href":"https:\/\/blogdoedvaldomagalhaes.com.br\/index.php\/wp-json\/wp\/v2\/users\/1"}],"replies":[{"embeddable":true,"href":"https:\/\/blogdoedvaldomagalhaes.com.br\/index.php\/wp-json\/wp\/v2\/comments?post=119019"}],"version-history":[{"count":1,"href":"https:\/\/blogdoedvaldomagalhaes.com.br\/index.php\/wp-json\/wp\/v2\/posts\/119019\/revisions"}],"predecessor-version":[{"id":119021,"href":"https:\/\/blogdoedvaldomagalhaes.com.br\/index.php\/wp-json\/wp\/v2\/posts\/119019\/revisions\/119021"}],"wp:featuredmedia":[{"embeddable":true,"href":"https:\/\/blogdoedvaldomagalhaes.com.br\/index.php\/wp-json\/wp\/v2\/media\/119020"}],"wp:attachment":[{"href":"https:\/\/blogdoedvaldomagalhaes.com.br\/index.php\/wp-json\/wp\/v2\/media?parent=119019"}],"wp:term":[{"taxonomy":"category","embeddable":true,"href":"https:\/\/blogdoedvaldomagalhaes.com.br\/index.php\/wp-json\/wp\/v2\/categories?post=119019"},{"taxonomy":"post_tag","embeddable":true,"href":"https:\/\/blogdoedvaldomagalhaes.com.br\/index.php\/wp-json\/wp\/v2\/tags?post=119019"}],"curies":[{"name":"wp","href":"https:\/\/api.w.org\/{rel}","templated":true}]}}