{"id":119016,"date":"2025-04-29T20:46:39","date_gmt":"2025-04-29T23:46:39","guid":{"rendered":"https:\/\/blogdoedvaldomagalhaes.com.br\/?p=119016"},"modified":"2025-04-29T20:46:39","modified_gmt":"2025-04-29T23:46:39","slug":"jorge-quintino-pede-protocolo-de-emergencia-para-atendimento-a-pessoas-autistas-em-crise","status":"publish","type":"post","link":"https:\/\/blogdoedvaldomagalhaes.com.br\/index.php\/2025\/04\/29\/jorge-quintino-pede-protocolo-de-emergencia-para-atendimento-a-pessoas-autistas-em-crise\/","title":{"rendered":"Jorge Quintino pede protocolo de emerg\u00eancia para atendimento a pessoas autistas em crise"},"content":{"rendered":"<p><span style=\"font-size: revert;\">O cuidado com as pessoas com Transtorno do Espectro Autista (TEA) precisa ir al\u00e9m do discurso. Pensando nisso, o vereador Jorge Quintino apresentou, na C\u00e2mara Municipal de Caruaru, um requerimento que prop\u00f5e a cria\u00e7\u00e3o do Protocolo Municipal de Atendimento em Situa\u00e7\u00f5es de Crise para pessoas com TEA. A iniciativa busca garantir que o munic\u00edpio disponha de uma rede preparada, humanizada e tecnicamente capacitada para agir diante de epis\u00f3dios de crise envolvendo pessoas autistas.<\/span><\/p>\n<p>\u201cSitua\u00e7\u00f5es de crise n\u00e3o podem ser tratadas com improviso. Elas exigem preparo, empatia e a\u00e7\u00e3o articulada. Nosso objetivo \u00e9 salvar vidas, proteger fam\u00edlias e construir uma Caruaru que acolhe com responsabilidade\u201d, afirma o parlamentar.<\/p>\n<p>A proposta tamb\u00e9m inclui um segundo requerimento, que solicita a oferta de atividades de socializa\u00e7\u00e3o e oficinas voltadas \u00e0s fam\u00edlias de pessoas com TEA nos CRAS e CREAS da cidade. A inten\u00e7\u00e3o \u00e9 fortalecer os v\u00ednculos familiares e oferecer suporte emocional e pr\u00e1tico a quem convive diariamente com os desafios do espectro.<\/p>\n<p>\u201cFam\u00edlias que convivem com o autismo n\u00e3o podem ser invis\u00edveis para o poder p\u00fablico. Elas precisam de rede, apoio e presen\u00e7a do Estado, n\u00e3o apenas em datas simb\u00f3licas, mas todos os dias\u201d, destacou Jorge Quintino.<\/p>\n<p>As proposi\u00e7\u00f5es seguem agora para an\u00e1lise do Executivo Municipal.<\/p>\n","protected":false},"excerpt":{"rendered":"<p>O cuidado com as pessoas com Transtorno do Espectro Autista (TEA) precisa ir al\u00e9m do discurso. Pensando nisso, o vereador&hellip;<\/p>\n","protected":false},"author":1,"featured_media":119017,"comment_status":"closed","ping_status":"open","sticky":false,"template":"","format":"standard","meta":{"footnotes":""},"categories":[14122],"tags":[28803,27410,13146,28801,20295],"class_list":["post-119016","post","type-post","status-publish","format-standard","has-post-thumbnail","hentry","category-politica","tag-blog-com-mais-visualizacoes","tag-blog-de-caruaru","tag-blog-edvaldo-magalhaes","tag-blog-mais-acessado","tag-politica-2"],"_links":{"self":[{"href":"https:\/\/blogdoedvaldomagalhaes.com.br\/index.php\/wp-json\/wp\/v2\/posts\/119016","targetHints":{"allow":["GET"]}}],"collection":[{"href":"https:\/\/blogdoedvaldomagalhaes.com.br\/index.php\/wp-json\/wp\/v2\/posts"}],"about":[{"href":"https:\/\/blogdoedvaldomagalhaes.com.br\/index.php\/wp-json\/wp\/v2\/types\/post"}],"author":[{"embeddable":true,"href":"https:\/\/blogdoedvaldomagalhaes.com.br\/index.php\/wp-json\/wp\/v2\/users\/1"}],"replies":[{"embeddable":true,"href":"https:\/\/blogdoedvaldomagalhaes.com.br\/index.php\/wp-json\/wp\/v2\/comments?post=119016"}],"version-history":[{"count":1,"href":"https:\/\/blogdoedvaldomagalhaes.com.br\/index.php\/wp-json\/wp\/v2\/posts\/119016\/revisions"}],"predecessor-version":[{"id":119018,"href":"https:\/\/blogdoedvaldomagalhaes.com.br\/index.php\/wp-json\/wp\/v2\/posts\/119016\/revisions\/119018"}],"wp:featuredmedia":[{"embeddable":true,"href":"https:\/\/blogdoedvaldomagalhaes.com.br\/index.php\/wp-json\/wp\/v2\/media\/119017"}],"wp:attachment":[{"href":"https:\/\/blogdoedvaldomagalhaes.com.br\/index.php\/wp-json\/wp\/v2\/media?parent=119016"}],"wp:term":[{"taxonomy":"category","embeddable":true,"href":"https:\/\/blogdoedvaldomagalhaes.com.br\/index.php\/wp-json\/wp\/v2\/categories?post=119016"},{"taxonomy":"post_tag","embeddable":true,"href":"https:\/\/blogdoedvaldomagalhaes.com.br\/index.php\/wp-json\/wp\/v2\/tags?post=119016"}],"curies":[{"name":"wp","href":"https:\/\/api.w.org\/{rel}","templated":true}]}}