{"id":119013,"date":"2025-04-29T20:38:47","date_gmt":"2025-04-29T23:38:47","guid":{"rendered":"https:\/\/blogdoedvaldomagalhaes.com.br\/?p=119013"},"modified":"2025-04-29T20:44:09","modified_gmt":"2025-04-29T23:44:09","slug":"governo-de-pernambuco-fortalece-gestao-do-meio-ambiente-com-entrega-de-30-carros-a-cprh","status":"publish","type":"post","link":"https:\/\/blogdoedvaldomagalhaes.com.br\/index.php\/2025\/04\/29\/governo-de-pernambuco-fortalece-gestao-do-meio-ambiente-com-entrega-de-30-carros-a-cprh\/","title":{"rendered":"Governo de Pernambuco fortalece gest\u00e3o do meio ambiente com entrega de 30 carros \u00e0 CPRH"},"content":{"rendered":"<p><span style=\"font-size: revert;\">O governo de Pernambuco entregou, na \u00faltima segunda-feira (28), 30 novos ve\u00edculos para renova\u00e7\u00e3o da frota da Ag\u00eancia Estadual de Meio Ambiente \u2013 CPRH. A entrega simb\u00f3lica foi realizada no estacionamento da Ag\u00eancia, no bairro Santana, no Recife, e faz parte dos esfor\u00e7os da gest\u00e3o estadual para fortalecimento, agiliza\u00e7\u00e3o e moderniza\u00e7\u00e3o das pol\u00edticas ambientais de Pernambuco. Foram entregues 22 caminhonetes com tra\u00e7\u00e3o 4&#215;4 e 8 sed\u00e3s compactos. Os ve\u00edculos ser\u00e3o utilizados em a\u00e7\u00f5es de fiscaliza\u00e7\u00e3o, licenciamento e monitoramento ambiental, al\u00e9m da gest\u00e3o das Unidades de Conserva\u00e7\u00e3o do estado.<\/span><\/p>\n<p>De acordo com o diretor-presidente da CPRH, Jos\u00e9 de Anchieta, outros cinco ve\u00edculos devem chegar nos pr\u00f3ximos dias. \u201cN\u00f3s identificamos uma necessidade grande de interven\u00e7\u00e3o na frota, pois a existente j\u00e1 estava velha. N\u00f3s t\u00ednhamos uma frota de 35 ve\u00edculos, sendo 11 pr\u00f3prios. Agora teremos uma frota toda alugada e os pr\u00f3prios vamos verificar aqueles que podem ser recuperados para colocarmos de volta no servi\u00e7o.\u201d, explicou Anchieta.<\/p>\n<p>A Secret\u00e1ria e Meio Ambiente, Sustentabilidade e de Fernando de Noronha, Ana Luiza Ferreira destacou que o estado de Pernambuco teve redu\u00e7\u00e3o de desmatamento nos biomas Caatinga e Mata Atl\u00e2ntica \u201cUma frota renovada para fiscaliza\u00e7\u00e3o ambiental. Tivemos redu\u00e7\u00e3o de desmatamento e precisamos continuar assim, por isso \u00e9 muito importante que a CPRH esteja devidamente equipada e essa frota renovada faz parte desse projeto.\u201d, comemorou Ana Luiza.<\/p>\n<p>Tamb\u00e9m participaram da entrega simb\u00f3lica os diretores da CPRH, Eduardo Elvino, de Licenciamento; Maviael Torchia, de fiscaliza\u00e7\u00e3o; Artur Teixeira, de Biodiversidade e Unidades de Conserva\u00e7\u00e3o; al\u00e9m da Gerente de Gest\u00e3o Institucional, Jussara Moscoso. Foto: Divulga\u00e7\u00e3o\/Secom.<br \/>\nSeja seguidor do Instagram do Blog pelo @blogdoedvaldomagalhaes<\/p>\n","protected":false},"excerpt":{"rendered":"<p>O governo de Pernambuco entregou, na \u00faltima segunda-feira (28), 30 novos ve\u00edculos para renova\u00e7\u00e3o da frota da Ag\u00eancia Estadual de&hellip;<\/p>\n","protected":false},"author":1,"featured_media":119014,"comment_status":"closed","ping_status":"open","sticky":false,"template":"","format":"standard","meta":{"footnotes":""},"categories":[14120],"tags":[29440,27410,2,5943,20,1229],"class_list":["post-119013","post","type-post","status-publish","format-standard","has-post-thumbnail","hentry","category-noticias","tag-blog-com-mais-visualizacao","tag-blog-de-caruaru","tag-blog-do-edvaldo-magalhaes","tag-governo-de-pernambuco","tag-politica","tag-raquel-lyra"],"_links":{"self":[{"href":"https:\/\/blogdoedvaldomagalhaes.com.br\/index.php\/wp-json\/wp\/v2\/posts\/119013","targetHints":{"allow":["GET"]}}],"collection":[{"href":"https:\/\/blogdoedvaldomagalhaes.com.br\/index.php\/wp-json\/wp\/v2\/posts"}],"about":[{"href":"https:\/\/blogdoedvaldomagalhaes.com.br\/index.php\/wp-json\/wp\/v2\/types\/post"}],"author":[{"embeddable":true,"href":"https:\/\/blogdoedvaldomagalhaes.com.br\/index.php\/wp-json\/wp\/v2\/users\/1"}],"replies":[{"embeddable":true,"href":"https:\/\/blogdoedvaldomagalhaes.com.br\/index.php\/wp-json\/wp\/v2\/comments?post=119013"}],"version-history":[{"count":1,"href":"https:\/\/blogdoedvaldomagalhaes.com.br\/index.php\/wp-json\/wp\/v2\/posts\/119013\/revisions"}],"predecessor-version":[{"id":119015,"href":"https:\/\/blogdoedvaldomagalhaes.com.br\/index.php\/wp-json\/wp\/v2\/posts\/119013\/revisions\/119015"}],"wp:featuredmedia":[{"embeddable":true,"href":"https:\/\/blogdoedvaldomagalhaes.com.br\/index.php\/wp-json\/wp\/v2\/media\/119014"}],"wp:attachment":[{"href":"https:\/\/blogdoedvaldomagalhaes.com.br\/index.php\/wp-json\/wp\/v2\/media?parent=119013"}],"wp:term":[{"taxonomy":"category","embeddable":true,"href":"https:\/\/blogdoedvaldomagalhaes.com.br\/index.php\/wp-json\/wp\/v2\/categories?post=119013"},{"taxonomy":"post_tag","embeddable":true,"href":"https:\/\/blogdoedvaldomagalhaes.com.br\/index.php\/wp-json\/wp\/v2\/tags?post=119013"}],"curies":[{"name":"wp","href":"https:\/\/api.w.org\/{rel}","templated":true}]}}