{"id":119010,"date":"2025-04-29T19:48:17","date_gmt":"2025-04-29T22:48:17","guid":{"rendered":"https:\/\/blogdoedvaldomagalhaes.com.br\/?p=119010"},"modified":"2025-04-29T19:48:17","modified_gmt":"2025-04-29T22:48:17","slug":"bancada-de-oposicao-na-camara-de-vereadores-e-impedida-de-fiscalizar-obras-da-upa-do-vassoural","status":"publish","type":"post","link":"https:\/\/blogdoedvaldomagalhaes.com.br\/index.php\/2025\/04\/29\/bancada-de-oposicao-na-camara-de-vereadores-e-impedida-de-fiscalizar-obras-da-upa-do-vassoural\/","title":{"rendered":"Bancada de Oposi\u00e7\u00e3o na C\u00e2mara de Vereadores \u00e9 impedida de fiscalizar obras da UPA do Vassoural"},"content":{"rendered":"<p>Na manh\u00e3 desta ter\u00e7a-feira (29.04), o Vereador Delegado Lessa e outros cinco vereadores: Gil Bobinho, Mery da Sa\u00fade, Taffarel, Fagner dos animais e Mano do Som, foram barrados ao tentarem realizar uma vistoria nas instala\u00e7\u00f5es da Unidade de Pronto Atendimento (UPA) do Vassoural. A visita tinha como objetivo fiscalizar as obras que est\u00e3o sendo executadas na unidade, localizada em uma das regi\u00f5es mais populosas da cidade.<\/p>\n<p>Os parlamentares se reuniram na frente da UPA acompanhados por membros da imprensa, em uma a\u00e7\u00e3o transparente e pautada no interesse p\u00fablico. No entanto, ao tentarem acessar o interior da unidade para averiguar o andamento das obras, foram informados de que a entrada n\u00e3o seria permitida.<\/p>\n<p>A negativa de acesso causou surpresa e indigna\u00e7\u00e3o entre os vereadores, que destacaram o papel constitucional do Legislativo na fiscaliza\u00e7\u00e3o dos servi\u00e7os p\u00fablicos. \u201cEstamos aqui para cumprir nosso dever, que \u00e9 fiscalizar. Impedir a entrada dos vereadores \u00e9 impedir o exerc\u00edcio da democracia e da transpar\u00eancia na gest\u00e3o p\u00fablica\u201d, afirmou o Delegado Lessa.<\/p>\n<p>O grupo pretende formalizar um requerimento \u00e0 Prefeitura e \u00e0 Secretaria Municipal de Sa\u00fade solicitando explica\u00e7\u00f5es sobre o impedimento e novas datas para a fiscaliza\u00e7\u00e3o, desta vez com a garantia de acesso \u00e0s depend\u00eancias da unidade.<\/p>\n<p>O caso gerou repercuss\u00e3o nas redes sociais e levanta questionamentos sobre a transpar\u00eancia das a\u00e7\u00f5es executadas na \u00e1rea da sa\u00fade municipal. Foto: Divulga\u00e7\u00e3o<br \/>\nSeja seguidor do Instagram do Blog e comente pelo @blogdoedvaldomagalhaes<\/p>\n","protected":false},"excerpt":{"rendered":"<p>Na manh\u00e3 desta ter\u00e7a-feira (29.04), o Vereador Delegado Lessa e outros cinco vereadores: Gil Bobinho, Mery da Sa\u00fade, Taffarel, Fagner&hellip;<\/p>\n","protected":false},"author":1,"featured_media":119011,"comment_status":"closed","ping_status":"open","sticky":false,"template":"","format":"standard","meta":{"footnotes":""},"categories":[14122],"tags":[33485,30592,27410,2,28801,20],"class_list":["post-119010","post","type-post","status-publish","format-standard","has-post-thumbnail","hentry","category-politica","tag-bancada-de-oposicao-na-camara-de-vereadores-e-impedida-de-fiscalizar-obras-da-upa-do-vassoural","tag-blog-com-mais-seguidores","tag-blog-de-caruaru","tag-blog-do-edvaldo-magalhaes","tag-blog-mais-acessado","tag-politica"],"_links":{"self":[{"href":"https:\/\/blogdoedvaldomagalhaes.com.br\/index.php\/wp-json\/wp\/v2\/posts\/119010","targetHints":{"allow":["GET"]}}],"collection":[{"href":"https:\/\/blogdoedvaldomagalhaes.com.br\/index.php\/wp-json\/wp\/v2\/posts"}],"about":[{"href":"https:\/\/blogdoedvaldomagalhaes.com.br\/index.php\/wp-json\/wp\/v2\/types\/post"}],"author":[{"embeddable":true,"href":"https:\/\/blogdoedvaldomagalhaes.com.br\/index.php\/wp-json\/wp\/v2\/users\/1"}],"replies":[{"embeddable":true,"href":"https:\/\/blogdoedvaldomagalhaes.com.br\/index.php\/wp-json\/wp\/v2\/comments?post=119010"}],"version-history":[{"count":1,"href":"https:\/\/blogdoedvaldomagalhaes.com.br\/index.php\/wp-json\/wp\/v2\/posts\/119010\/revisions"}],"predecessor-version":[{"id":119012,"href":"https:\/\/blogdoedvaldomagalhaes.com.br\/index.php\/wp-json\/wp\/v2\/posts\/119010\/revisions\/119012"}],"wp:featuredmedia":[{"embeddable":true,"href":"https:\/\/blogdoedvaldomagalhaes.com.br\/index.php\/wp-json\/wp\/v2\/media\/119011"}],"wp:attachment":[{"href":"https:\/\/blogdoedvaldomagalhaes.com.br\/index.php\/wp-json\/wp\/v2\/media?parent=119010"}],"wp:term":[{"taxonomy":"category","embeddable":true,"href":"https:\/\/blogdoedvaldomagalhaes.com.br\/index.php\/wp-json\/wp\/v2\/categories?post=119010"},{"taxonomy":"post_tag","embeddable":true,"href":"https:\/\/blogdoedvaldomagalhaes.com.br\/index.php\/wp-json\/wp\/v2\/tags?post=119010"}],"curies":[{"name":"wp","href":"https:\/\/api.w.org\/{rel}","templated":true}]}}