{"id":119004,"date":"2025-04-29T18:32:51","date_gmt":"2025-04-29T21:32:51","guid":{"rendered":"https:\/\/blogdoedvaldomagalhaes.com.br\/?p=119004"},"modified":"2025-04-29T18:34:55","modified_gmt":"2025-04-29T21:34:55","slug":"nova-diretoria-do-simepe-sera-empossa-em-caruaru-nesta-quarta-30","status":"publish","type":"post","link":"https:\/\/blogdoedvaldomagalhaes.com.br\/index.php\/2025\/04\/29\/nova-diretoria-do-simepe-sera-empossa-em-caruaru-nesta-quarta-30\/","title":{"rendered":"Nova diretoria do Simepe ser\u00e1 empossa em Caruaru nesta quarta (30)"},"content":{"rendered":"<p>O Sindicato dos M\u00e9dicos de Pernambuco (Simepe) realiza, nesta quarta-feira (30), \u00e0s 20h, a solenidade de posse da nova presid\u00eancia e diretoria da entidade. O evento ser\u00e1 realizado na Sede Regional do Simepe em Caruaru, localizada na Avenida Oswaldo Cruz, 217 \u2013 Sala 203 \u2013 Trade Center, bairro Maur\u00edcio de Nassau.<\/p>\n<p>A cerim\u00f4nia marca oficialmente a transi\u00e7\u00e3o da gest\u00e3o do sindicato para a nova diretoria eleita nas elei\u00e7\u00f5es realizadas no \u00faltimo m\u00eas de mar\u00e7o. Com 62% dos votos v\u00e1lidos dos m\u00e9dicos e m\u00e9dicas pernambucanos, a Chapa 1 foi a vencedora do pleito, sendo liderada pela m\u00e9dica de fam\u00edlia e comunidade Carol Tabosa, que assume a presid\u00eancia ao lado da obstetra Jamilly Leite, vice-presidente eleita.<\/p>\n<p>Carol Tabosa faz hist\u00f3ria como a primeira mulher do Agreste a ser eleita presidente do Simepe, fortalecendo a representatividade regional e feminina no comando da entidade.<br \/>\nSiga o Instagram do Blog pelo @blogdoedvaldomagalhaes<br \/>\nFoto: Divulga\u00e7\u00e3o <\/p>\n","protected":false},"excerpt":{"rendered":"<p>O Sindicato dos M\u00e9dicos de Pernambuco (Simepe) realiza, nesta quarta-feira (30), \u00e0s 20h, a solenidade de posse da nova presid\u00eancia&hellip;<\/p>\n","protected":false},"author":1,"featured_media":119005,"comment_status":"closed","ping_status":"open","sticky":false,"template":"","format":"standard","meta":{"footnotes":""},"categories":[14120],"tags":[29440,27410,13146,28801,33484],"class_list":["post-119004","post","type-post","status-publish","format-standard","has-post-thumbnail","hentry","category-noticias","tag-blog-com-mais-visualizacao","tag-blog-de-caruaru","tag-blog-edvaldo-magalhaes","tag-blog-mais-acessado","tag-nova-diretoria-do-simepe-sera-empossa-em-caruaru-nesta-quarta-30"],"_links":{"self":[{"href":"https:\/\/blogdoedvaldomagalhaes.com.br\/index.php\/wp-json\/wp\/v2\/posts\/119004","targetHints":{"allow":["GET"]}}],"collection":[{"href":"https:\/\/blogdoedvaldomagalhaes.com.br\/index.php\/wp-json\/wp\/v2\/posts"}],"about":[{"href":"https:\/\/blogdoedvaldomagalhaes.com.br\/index.php\/wp-json\/wp\/v2\/types\/post"}],"author":[{"embeddable":true,"href":"https:\/\/blogdoedvaldomagalhaes.com.br\/index.php\/wp-json\/wp\/v2\/users\/1"}],"replies":[{"embeddable":true,"href":"https:\/\/blogdoedvaldomagalhaes.com.br\/index.php\/wp-json\/wp\/v2\/comments?post=119004"}],"version-history":[{"count":2,"href":"https:\/\/blogdoedvaldomagalhaes.com.br\/index.php\/wp-json\/wp\/v2\/posts\/119004\/revisions"}],"predecessor-version":[{"id":119007,"href":"https:\/\/blogdoedvaldomagalhaes.com.br\/index.php\/wp-json\/wp\/v2\/posts\/119004\/revisions\/119007"}],"wp:featuredmedia":[{"embeddable":true,"href":"https:\/\/blogdoedvaldomagalhaes.com.br\/index.php\/wp-json\/wp\/v2\/media\/119005"}],"wp:attachment":[{"href":"https:\/\/blogdoedvaldomagalhaes.com.br\/index.php\/wp-json\/wp\/v2\/media?parent=119004"}],"wp:term":[{"taxonomy":"category","embeddable":true,"href":"https:\/\/blogdoedvaldomagalhaes.com.br\/index.php\/wp-json\/wp\/v2\/categories?post=119004"},{"taxonomy":"post_tag","embeddable":true,"href":"https:\/\/blogdoedvaldomagalhaes.com.br\/index.php\/wp-json\/wp\/v2\/tags?post=119004"}],"curies":[{"name":"wp","href":"https:\/\/api.w.org\/{rel}","templated":true}]}}