{"id":119001,"date":"2025-04-29T18:28:20","date_gmt":"2025-04-29T21:28:20","guid":{"rendered":"https:\/\/blogdoedvaldomagalhaes.com.br\/?p=119001"},"modified":"2025-04-29T18:28:20","modified_gmt":"2025-04-29T21:28:20","slug":"vereador-cabo-cardoso-solicita-que-ligacoes-de-emergencia-para-policias-samu-e-defesa-civil-sejam-atraves-de-video-chamada","status":"publish","type":"post","link":"https:\/\/blogdoedvaldomagalhaes.com.br\/index.php\/2025\/04\/29\/vereador-cabo-cardoso-solicita-que-ligacoes-de-emergencia-para-policias-samu-e-defesa-civil-sejam-atraves-de-video-chamada\/","title":{"rendered":"Vereador Cabo Cardoso solicita que liga\u00e7\u00f5es de emerg\u00eancia para Pol\u00edcias, SAMU e Defesa Civil sejam atrav\u00e9s de v\u00eddeo chamada"},"content":{"rendered":"<p>O vereador Cabo Cardoso (avante), solicitou atrav\u00e9s de requerimento para o munic\u00edpio de Caruaru e indica\u00e7\u00e3o para o Estado de Pernambuco, para que as chamadas de emerg\u00eancia para pol\u00edcias, bombeiros, samu e defesa civil, sejam feitas atrav\u00e9s de v\u00eddeo chamadas, essa medida acabar\u00e1 de vez com os &#8220;trotes&#8221; que infelizmente tem prejudicado o bom andamento dos servi\u00e7os de emerg\u00eancia e dar\u00e1 mais brevidade no atendimento das ocorr\u00eancias de salvamento e ocorr\u00eancias policiais.<br \/>\nSiga o Instagram do Blog pelo @blogdoedvaldomagalhaes<br \/>\nFoto: Vladimir Barreto <\/p>\n","protected":false},"excerpt":{"rendered":"<p>O vereador Cabo Cardoso (avante), solicitou atrav\u00e9s de requerimento para o munic\u00edpio de Caruaru e indica\u00e7\u00e3o para o Estado de&hellip;<\/p>\n","protected":false},"author":1,"featured_media":119002,"comment_status":"closed","ping_status":"open","sticky":false,"template":"","format":"standard","meta":{"footnotes":""},"categories":[14122],"tags":[33483,28803,2,28801,20,33482],"class_list":["post-119001","post","type-post","status-publish","format-standard","has-post-thumbnail","hentry","category-politica","tag-blgo-de-caruaru","tag-blog-com-mais-visualizacoes","tag-blog-do-edvaldo-magalhaes","tag-blog-mais-acessado","tag-politica","tag-vereador-cabo-cardoso-solicita-que-ligacoes-de-emergencia-para-policias"],"_links":{"self":[{"href":"https:\/\/blogdoedvaldomagalhaes.com.br\/index.php\/wp-json\/wp\/v2\/posts\/119001","targetHints":{"allow":["GET"]}}],"collection":[{"href":"https:\/\/blogdoedvaldomagalhaes.com.br\/index.php\/wp-json\/wp\/v2\/posts"}],"about":[{"href":"https:\/\/blogdoedvaldomagalhaes.com.br\/index.php\/wp-json\/wp\/v2\/types\/post"}],"author":[{"embeddable":true,"href":"https:\/\/blogdoedvaldomagalhaes.com.br\/index.php\/wp-json\/wp\/v2\/users\/1"}],"replies":[{"embeddable":true,"href":"https:\/\/blogdoedvaldomagalhaes.com.br\/index.php\/wp-json\/wp\/v2\/comments?post=119001"}],"version-history":[{"count":1,"href":"https:\/\/blogdoedvaldomagalhaes.com.br\/index.php\/wp-json\/wp\/v2\/posts\/119001\/revisions"}],"predecessor-version":[{"id":119003,"href":"https:\/\/blogdoedvaldomagalhaes.com.br\/index.php\/wp-json\/wp\/v2\/posts\/119001\/revisions\/119003"}],"wp:featuredmedia":[{"embeddable":true,"href":"https:\/\/blogdoedvaldomagalhaes.com.br\/index.php\/wp-json\/wp\/v2\/media\/119002"}],"wp:attachment":[{"href":"https:\/\/blogdoedvaldomagalhaes.com.br\/index.php\/wp-json\/wp\/v2\/media?parent=119001"}],"wp:term":[{"taxonomy":"category","embeddable":true,"href":"https:\/\/blogdoedvaldomagalhaes.com.br\/index.php\/wp-json\/wp\/v2\/categories?post=119001"},{"taxonomy":"post_tag","embeddable":true,"href":"https:\/\/blogdoedvaldomagalhaes.com.br\/index.php\/wp-json\/wp\/v2\/tags?post=119001"}],"curies":[{"name":"wp","href":"https:\/\/api.w.org\/{rel}","templated":true}]}}