{"id":1190,"date":"2018-09-27T19:58:00","date_gmt":"2018-09-27T22:58:00","guid":{"rendered":"http:\/\/blogdoedvaldomagalhaes.com.br\/index.php\/2018\/09\/27\/sesc-caruaru-abre-inscricoes-para\/"},"modified":"2019-02-09T02:32:44","modified_gmt":"2019-02-09T04:32:44","slug":"sesc-caruaru-abre-inscricoes-para","status":"publish","type":"post","link":"https:\/\/blogdoedvaldomagalhaes.com.br\/index.php\/2018\/09\/27\/sesc-caruaru-abre-inscricoes-para\/","title":{"rendered":"Sesc Caruaru abre inscri\u00e7\u00f5es para oficina de dire\u00e7\u00e3o de arte"},"content":{"rendered":"<div class=\"separator\" style=\"clear: both; text-align: center;\">\n<a href=\"https:\/\/4.bp.blogspot.com\/-67kjXudeOkU\/W602KinJSgI\/AAAAAAAA6xE\/VDjlHYvt-oA2OKTykYrfkLCWdAdHI1rfQCLcBGAs\/s1600\/sesc.jpg\" imageanchor=\"1\" style=\"margin-left: 1em; margin-right: 1em;\"><img loading=\"lazy\" decoding=\"async\" border=\"0\" data-original-height=\"340\" data-original-width=\"512\" height=\"424\" src=\"http:\/\/blogdoedvaldomagalhaes.com.br\/wp-content\/uploads\/2018\/09\/sesc-4.jpg\" width=\"640\" \/><\/a><\/div>\n<p><\/p>\n<div style=\"text-align: justify;\">\nO Sesc Caruaru est\u00e1 com inscri\u00e7\u00f5es abertas para a oficina de Dire\u00e7\u00e3o de arte, que analisar\u00e1 o processo criativo dentro do departamento de arte, atrav\u00e9s de din\u00e2micas de leitura, proje\u00e7\u00e3o e confec\u00e7\u00e3o de projetos coletivos. O curso acontece de 1\u00ba a 5 de outubro, na pr\u00f3pria Unidade, na Rua Rui Limeira Rosa, s\/n, no Bairro Petr\u00f3polis.<\/div>\n<div style=\"text-align: justify;\">\n<\/div>\n<div style=\"text-align: justify;\">\nA capacita\u00e7\u00e3o \u00e9 voltada para toda a classe art\u00edstica, em especial aos profissionais ligados ao audiovisual e tem como objetivos orientar a elabora\u00e7\u00e3o de projetos de dire\u00e7\u00e3o de arte, preparar os participantes a apresentar suas propostas e conceitos correspondentes. Al\u00e9m disso, incentivar o uso de equipamento pessoal como celular e materiais cotidianos (jornais, revistas, blogs) para constru\u00e7\u00e3o de biblioteca de imagens e construir um ou dois pequenos projetos a partir de desafios lan\u00e7ados.<\/div>\n<div style=\"text-align: justify;\">\n<\/div>\n<div style=\"text-align: justify;\">\nA oficina com 20h de atividade ser\u00e1 ministrada por Lia Let\u00edcia. Radicada em Recife h\u00e1 21 anos, sua trajet\u00f3ria est\u00e1 ligada a produ\u00e7\u00f5es audiovisuais que transitam entre videoarte e cinema experimental. Atua como diretora de arte em curtas, longas e videoclipes. Tem em sua forma\u00e7\u00e3o o curso de Hist\u00f3ria e Artes Visuais e vem se dedicando a multiplica\u00e7\u00e3o e difus\u00e3o de saberes e pr\u00e1ticas interdisciplinares.<\/div>\n<div style=\"text-align: justify;\">\n<\/div>\n<div style=\"text-align: justify;\">\nPara participar, o interessado deve ir ao Ponto de Atendimento da Unidade. A inscri\u00e7\u00e3o custa de R$ 30 para o p\u00fablico geral e R$ 15 para trabalhadores do Com\u00e9rcio de Bens, Servi\u00e7os e Turismo.<\/div>\n<div style=\"text-align: justify;\">\n<\/div>\n","protected":false},"excerpt":{"rendered":"<p>O Sesc Caruaru est\u00e1 com inscri\u00e7\u00f5es abertas para a oficina de Dire\u00e7\u00e3o de arte, que analisar\u00e1 o processo criativo dentro&hellip;<\/p>\n","protected":false},"author":1,"featured_media":0,"comment_status":"open","ping_status":"open","sticky":false,"template":"","format":"standard","meta":{"footnotes":""},"categories":[1],"tags":[2,6,1149],"class_list":["post-1190","post","type-post","status-publish","format-standard","hentry","category-sem-categoria","tag-blog-do-edvaldo-magalhaes","tag-noticias","tag-sesc-caruaru-abre-inscricoes-para-oficina-de-direcao-de-arte"],"_links":{"self":[{"href":"https:\/\/blogdoedvaldomagalhaes.com.br\/index.php\/wp-json\/wp\/v2\/posts\/1190","targetHints":{"allow":["GET"]}}],"collection":[{"href":"https:\/\/blogdoedvaldomagalhaes.com.br\/index.php\/wp-json\/wp\/v2\/posts"}],"about":[{"href":"https:\/\/blogdoedvaldomagalhaes.com.br\/index.php\/wp-json\/wp\/v2\/types\/post"}],"author":[{"embeddable":true,"href":"https:\/\/blogdoedvaldomagalhaes.com.br\/index.php\/wp-json\/wp\/v2\/users\/1"}],"replies":[{"embeddable":true,"href":"https:\/\/blogdoedvaldomagalhaes.com.br\/index.php\/wp-json\/wp\/v2\/comments?post=1190"}],"version-history":[{"count":1,"href":"https:\/\/blogdoedvaldomagalhaes.com.br\/index.php\/wp-json\/wp\/v2\/posts\/1190\/revisions"}],"predecessor-version":[{"id":34423,"href":"https:\/\/blogdoedvaldomagalhaes.com.br\/index.php\/wp-json\/wp\/v2\/posts\/1190\/revisions\/34423"}],"wp:attachment":[{"href":"https:\/\/blogdoedvaldomagalhaes.com.br\/index.php\/wp-json\/wp\/v2\/media?parent=1190"}],"wp:term":[{"taxonomy":"category","embeddable":true,"href":"https:\/\/blogdoedvaldomagalhaes.com.br\/index.php\/wp-json\/wp\/v2\/categories?post=1190"},{"taxonomy":"post_tag","embeddable":true,"href":"https:\/\/blogdoedvaldomagalhaes.com.br\/index.php\/wp-json\/wp\/v2\/tags?post=1190"}],"curies":[{"name":"wp","href":"https:\/\/api.w.org\/{rel}","templated":true}]}}