{"id":1189,"date":"2018-09-27T21:55:00","date_gmt":"2018-09-28T00:55:00","guid":{"rendered":"http:\/\/blogdoedvaldomagalhaes.com.br\/index.php\/2018\/09\/27\/prf-apreende-uma-tonelada-de-carne-se\/"},"modified":"2019-02-09T02:32:44","modified_gmt":"2019-02-09T04:32:44","slug":"prf-apreende-uma-tonelada-de-carne-se","status":"publish","type":"post","link":"https:\/\/blogdoedvaldomagalhaes.com.br\/index.php\/2018\/09\/27\/prf-apreende-uma-tonelada-de-carne-se\/","title":{"rendered":"PRF apreende uma tonelada de carne sem refrigera\u00e7\u00e3o em S\u00e3o Caetano"},"content":{"rendered":"<div class=\"separator\" style=\"clear: both; text-align: center;\">\n<a href=\"https:\/\/1.bp.blogspot.com\/-ORrfYeYaZP8\/W61RqA9cubI\/AAAAAAAA6xQ\/EgvosGhqZCA3XdEYppSx3od6Mn0-NZylACLcBGAs\/s1600\/prf.jpeg\" imageanchor=\"1\" style=\"margin-left: 1em; margin-right: 1em;\"><img loading=\"lazy\" decoding=\"async\" border=\"0\" data-original-height=\"281\" data-original-width=\"500\" height=\"354\" src=\"http:\/\/blogdoedvaldomagalhaes.com.br\/wp-content\/uploads\/2018\/09\/prf-2.jpeg\" width=\"640\" \/><\/a><\/div>\n<div class=\"separator\" style=\"clear: both; text-align: center;\">\nFoto: PRF\/Divulga\u00e7\u00e3o<\/div>\n<div style=\"background-color: white; box-sizing: border-box; line-height: 24px; margin-bottom: 10px; text-align: justify;\">\n<\/div>\n<div style=\"background-color: white; box-sizing: border-box; line-height: 24px; margin-bottom: 10px; text-align: justify;\">\nA Pol\u00edcia Rodovi\u00e1ria Federal (PRF) apreendeu, nesta quinta-feira (27), em S\u00e3o Caetano, Agreste pernambucano, uma tonelada de carne bovina sem refrigera\u00e7\u00e3o. A mercadoria era transportada em um caminh\u00e3o ba\u00fa e seria comercializada em um frigor\u00edfico de Caruaru.<\/div>\n<div style=\"background-color: white; box-sizing: border-box; line-height: 24px; margin-bottom: 10px; text-align: justify;\">\nA abordagem aconteceu durante uma fiscaliza\u00e7\u00e3o de rotina no quil\u00f4metro 144 da BR-232. Ao verificar a carroceria do caminh\u00e3o, foi encontrada a carne em desacordo com as normas da Vigil\u00e2ncia Sanit\u00e1ria.<\/div>\n<div style=\"background-color: white; box-sizing: border-box; line-height: 24px; margin-bottom: 10px; text-align: justify;\">\nO condutor informou que os animais foram comprados no Maranh\u00e3o e abatidos no matadouro p\u00fablico de Lajedo, para serem comercializados em um frigor\u00edfico de Caruaru. O homem foi encaminhado junto com a carga \u00e0 Ag\u00eancia de Defesa e Fiscaliza\u00e7\u00e3o Agropecu\u00e1ria de Pernambuco (Adagro).<\/div>\n<div style=\"background-color: white; box-sizing: border-box; line-height: 24px; margin-bottom: 10px; text-align: justify;\">\nInforma\u00e7\u00f5es da R\u00e1dio Liberdade.<\/div>\n","protected":false},"excerpt":{"rendered":"<p>Foto: PRF\/Divulga\u00e7\u00e3o A Pol\u00edcia Rodovi\u00e1ria Federal (PRF) apreendeu, nesta quinta-feira (27), em S\u00e3o Caetano, Agreste pernambucano, uma tonelada de carne&hellip;<\/p>\n","protected":false},"author":1,"featured_media":0,"comment_status":"open","ping_status":"open","sticky":false,"template":"","format":"standard","meta":{"footnotes":""},"categories":[1],"tags":[2,13,1148],"class_list":["post-1189","post","type-post","status-publish","format-standard","hentry","category-sem-categoria","tag-blog-do-edvaldo-magalhaes","tag-policial","tag-prf-apreende-uma-tonelada-de-carne-sem-refrigeracao-em-sao-caetano"],"_links":{"self":[{"href":"https:\/\/blogdoedvaldomagalhaes.com.br\/index.php\/wp-json\/wp\/v2\/posts\/1189","targetHints":{"allow":["GET"]}}],"collection":[{"href":"https:\/\/blogdoedvaldomagalhaes.com.br\/index.php\/wp-json\/wp\/v2\/posts"}],"about":[{"href":"https:\/\/blogdoedvaldomagalhaes.com.br\/index.php\/wp-json\/wp\/v2\/types\/post"}],"author":[{"embeddable":true,"href":"https:\/\/blogdoedvaldomagalhaes.com.br\/index.php\/wp-json\/wp\/v2\/users\/1"}],"replies":[{"embeddable":true,"href":"https:\/\/blogdoedvaldomagalhaes.com.br\/index.php\/wp-json\/wp\/v2\/comments?post=1189"}],"version-history":[{"count":1,"href":"https:\/\/blogdoedvaldomagalhaes.com.br\/index.php\/wp-json\/wp\/v2\/posts\/1189\/revisions"}],"predecessor-version":[{"id":34425,"href":"https:\/\/blogdoedvaldomagalhaes.com.br\/index.php\/wp-json\/wp\/v2\/posts\/1189\/revisions\/34425"}],"wp:attachment":[{"href":"https:\/\/blogdoedvaldomagalhaes.com.br\/index.php\/wp-json\/wp\/v2\/media?parent=1189"}],"wp:term":[{"taxonomy":"category","embeddable":true,"href":"https:\/\/blogdoedvaldomagalhaes.com.br\/index.php\/wp-json\/wp\/v2\/categories?post=1189"},{"taxonomy":"post_tag","embeddable":true,"href":"https:\/\/blogdoedvaldomagalhaes.com.br\/index.php\/wp-json\/wp\/v2\/tags?post=1189"}],"curies":[{"name":"wp","href":"https:\/\/api.w.org\/{rel}","templated":true}]}}