{"id":1188,"date":"2018-09-27T21:59:00","date_gmt":"2018-09-28T00:59:00","guid":{"rendered":"http:\/\/blogdoedvaldomagalhaes.com.br\/index.php\/2018\/09\/27\/raquel-lyra-realiza-extensa-programacao\/"},"modified":"2019-02-09T02:32:45","modified_gmt":"2019-02-09T04:32:45","slug":"raquel-lyra-realiza-extensa-programacao","status":"publish","type":"post","link":"https:\/\/blogdoedvaldomagalhaes.com.br\/index.php\/2018\/09\/27\/raquel-lyra-realiza-extensa-programacao\/","title":{"rendered":"Raquel Lyra realiza extensa programa\u00e7\u00e3o de campanha at\u00e9 domingo (30)"},"content":{"rendered":"<div class=\"separator\" style=\"clear: both; text-align: center;\">\n<a href=\"https:\/\/3.bp.blogspot.com\/-1x7Et6mHAxo\/W61SfLdCtmI\/AAAAAAAA6xY\/paUtuRGP2Bkg5D73Ay6y4kLHVWP1BwrVgCLcBGAs\/s1600\/raqu%25C3%25A9.jpg\" imageanchor=\"1\" style=\"margin-left: 1em; margin-right: 1em;\"><img loading=\"lazy\" decoding=\"async\" border=\"0\" data-original-height=\"682\" data-original-width=\"1024\" height=\"426\" src=\"http:\/\/blogdoedvaldomagalhaes.com.br\/wp-content\/uploads\/2018\/09\/raquC3A9-1.jpg\" width=\"640\" \/><\/a><\/div>\n<p><\/p>\n<div style=\"text-align: justify;\">\nEm Caruaru, ap\u00f3s visitar, desde o come\u00e7o da semana, os bairros S\u00e3o Francisco, Salgado e Riach\u00e3o, Raquel Lyra, acompanhada de lideran\u00e7as e milit\u00e2ncia, realiza uma extensa agenda de campanha at\u00e9 o pr\u00f3ximo domingo (30).<\/div>\n<div style=\"text-align: justify;\">\n<\/div>\n<div style=\"text-align: justify;\">\n\u201cVamos continuar levando os nomes dos nossos candidatos para cada canto de Caruaru, pois o que est\u00e1 posto a\u00ed n\u00e3o serve nem para nosso estado, muito menos para nossa cidade. Por todo lugar que j\u00e1 passamos, somos recebidos com muita energia e reconhecimento ao nosso trabalho\u201d, ressalta Raquel.<\/div>\n<div style=\"text-align: justify;\">\n<\/div>\n<div style=\"text-align: justify;\">\nA prefeita de Caruaru apoia Armando governador, Bruno e Mendon\u00e7a senadores, al\u00e9m de Daniel Coelho para deputado federal e Priscila Krause para deputada estadual.<\/div>\n<div style=\"text-align: justify;\">\n<\/div>\n<div style=\"text-align: justify;\">\nSegue agenda:<\/div>\n<div style=\"text-align: justify;\">\n<\/div>\n<div style=\"text-align: justify;\">\n<b>Dia 27 (Quinta)<\/b><\/div>\n<div style=\"text-align: justify;\">\n<\/div>\n<div style=\"text-align: justify;\">\n17h \u2013 Adesiva\u00e7o na Ponte Irm\u00e3 Ger\u00f4nima<\/div>\n<div style=\"text-align: justify;\">\n<\/div>\n<div style=\"text-align: justify;\">\n<b>Dia 28 (Sexta)<\/b><\/div>\n<div style=\"text-align: justify;\">\n<\/div>\n<div style=\"text-align: justify;\">\n15h \u2013 Visita ao com\u00e9rcio<\/div>\n<div style=\"text-align: justify;\">\n17h \u2013 Adesiva\u00e7o na rua Tupy (Pra\u00e7a de t\u00e1xi)<\/div>\n<div style=\"text-align: justify;\">\n19h \u2013 Buzina\u00e7o nos bairros Boa Vista I e II (Concentra\u00e7\u00e3o na quadra de areia)<\/div>\n<div style=\"text-align: justify;\">\n<\/div>\n<div style=\"text-align: justify;\">\n<b>Dia 29 (S\u00e1bado)<\/b><\/div>\n<div style=\"text-align: justify;\">\n<\/div>\n<div style=\"text-align: justify;\">\n07h \u2013 Visita \u00e0 Feira de Caruaru e com\u00e9rcio<\/div>\n<div style=\"text-align: justify;\">\n11h \u2013 Adesiva\u00e7o no centro<\/div>\n<div style=\"text-align: justify;\">\n19h \u2013 Caminhada no bairro Santa Rosa<\/div>\n<div style=\"text-align: justify;\">\n<\/div>\n<div style=\"text-align: justify;\">\n<b>Dia 30 (Domingo)<\/b><\/div>\n<div style=\"text-align: justify;\">\n<\/div>\n<div style=\"text-align: justify;\">\n07h \u2013 Visita \u00e0 Feira do Salgado<\/div>\n<div style=\"text-align: justify;\">\n10h \u2013 Visita ao S\u00edtio Peladas<\/div>\n<div style=\"text-align: justify;\">\n15h \u2013 Grande Carreata (Concentra\u00e7\u00e3o a partir das 13h, na Av. Rui Barbosa, INSS)<\/div>\n","protected":false},"excerpt":{"rendered":"<p>Em Caruaru, ap\u00f3s visitar, desde o come\u00e7o da semana, os bairros S\u00e3o Francisco, Salgado e Riach\u00e3o, Raquel Lyra, acompanhada de&hellip;<\/p>\n","protected":false},"author":1,"featured_media":0,"comment_status":"open","ping_status":"open","sticky":false,"template":"","format":"standard","meta":{"footnotes":""},"categories":[1],"tags":[2,20,1147],"class_list":["post-1188","post","type-post","status-publish","format-standard","hentry","category-sem-categoria","tag-blog-do-edvaldo-magalhaes","tag-politica","tag-raquel-lyra-realiza-extensa-programacao-de-campanha-ate-domingo-30"],"_links":{"self":[{"href":"https:\/\/blogdoedvaldomagalhaes.com.br\/index.php\/wp-json\/wp\/v2\/posts\/1188","targetHints":{"allow":["GET"]}}],"collection":[{"href":"https:\/\/blogdoedvaldomagalhaes.com.br\/index.php\/wp-json\/wp\/v2\/posts"}],"about":[{"href":"https:\/\/blogdoedvaldomagalhaes.com.br\/index.php\/wp-json\/wp\/v2\/types\/post"}],"author":[{"embeddable":true,"href":"https:\/\/blogdoedvaldomagalhaes.com.br\/index.php\/wp-json\/wp\/v2\/users\/1"}],"replies":[{"embeddable":true,"href":"https:\/\/blogdoedvaldomagalhaes.com.br\/index.php\/wp-json\/wp\/v2\/comments?post=1188"}],"version-history":[{"count":1,"href":"https:\/\/blogdoedvaldomagalhaes.com.br\/index.php\/wp-json\/wp\/v2\/posts\/1188\/revisions"}],"predecessor-version":[{"id":34427,"href":"https:\/\/blogdoedvaldomagalhaes.com.br\/index.php\/wp-json\/wp\/v2\/posts\/1188\/revisions\/34427"}],"wp:attachment":[{"href":"https:\/\/blogdoedvaldomagalhaes.com.br\/index.php\/wp-json\/wp\/v2\/media?parent=1188"}],"wp:term":[{"taxonomy":"category","embeddable":true,"href":"https:\/\/blogdoedvaldomagalhaes.com.br\/index.php\/wp-json\/wp\/v2\/categories?post=1188"},{"taxonomy":"post_tag","embeddable":true,"href":"https:\/\/blogdoedvaldomagalhaes.com.br\/index.php\/wp-json\/wp\/v2\/tags?post=1188"}],"curies":[{"name":"wp","href":"https:\/\/api.w.org\/{rel}","templated":true}]}}