{"id":118775,"date":"2025-04-22T20:37:56","date_gmt":"2025-04-22T23:37:56","guid":{"rendered":"https:\/\/blogdoedvaldomagalhaes.com.br\/?p=118775"},"modified":"2025-04-22T20:37:56","modified_gmt":"2025-04-22T23:37:56","slug":"acusado-de-ameacar-esposa-e-filho-de-02-anos-durante-viagem-de-onibus-para-caruaru-e-preso","status":"publish","type":"post","link":"https:\/\/blogdoedvaldomagalhaes.com.br\/index.php\/2025\/04\/22\/acusado-de-ameacar-esposa-e-filho-de-02-anos-durante-viagem-de-onibus-para-caruaru-e-preso\/","title":{"rendered":"Acusado de amea\u00e7ar esposa e filho de 02 anos, durante viagem de \u00f4nibus para Caruaru, \u00e9 preso"},"content":{"rendered":"<p>Um homem foi preso, segunda-feira (21\/04), por viol\u00eancia familiar e porte ilegal de arma de fogo, em Palmares. Policiais militares do Batalh\u00e3o de Pol\u00edcia Rodovi\u00e1ria (BPRv) receberam informa\u00e7\u00e3o de que o suspeito estaria em um \u00f4nibus vindo de Maragogi-AL, fazendo amea\u00e7as \u00e0 esposa e a um filho de apenas 2 anos. A filha da amea\u00e7ada foi quem repassou a den\u00fancia.<\/p>\n<p>O efetivo n\u00e3o localizou o coletivo para intercept\u00e1-lo. No entanto, populares viram um homem com as caracter\u00edsticas do suspeito desembarcando do \u00f4nibus na Rodovi\u00e1ria e os policiais realizaram buscas. Ao encontrar com o homem, ele tentou fugir, mas foi alcan\u00e7ado e, em um bolsa que levava nas costas, foi encontrado um rev\u00f3lver calibre .38, com seis muni\u00e7\u00f5es.<\/p>\n<p>O envolvido foi encaminhado para a Delegacia de Pol\u00edcia Civil local, onde j\u00e1 estava a esposa e o menino. Ela repetiu todas as acusa\u00e7\u00f5es de amea\u00e7a, que veio sofrendo desde Maragogi. Apesar de o destino final da fam\u00edlia ser Caruaru, a v\u00edtima decidiu descer em Palmares para buscar ajuda. Foi formalizada a pris\u00e3o em flagrante do suspeito.<br \/>\nSiga o Instagram do Blog pelo @blogdoedvaldomagalhaes<br \/>\nFoto: Divulga\u00e7\u00e3o\/PMPE <\/p>\n","protected":false},"excerpt":{"rendered":"<p>Um homem foi preso, segunda-feira (21\/04), por viol\u00eancia familiar e porte ilegal de arma de fogo, em Palmares. Policiais militares&hellip;<\/p>\n","protected":false},"author":1,"featured_media":118776,"comment_status":"closed","ping_status":"open","sticky":false,"template":"","format":"standard","meta":{"footnotes":""},"categories":[14121],"tags":[33409,28803,27410,2,28801],"class_list":["post-118775","post","type-post","status-publish","format-standard","has-post-thumbnail","hentry","category-policial","tag-acusado-de-ameacar-esposa-e-filho-de-02-anos-durante-viagem-de-onibus-para-caruaru-e-preso-com-revolver","tag-blog-com-mais-visualizacoes","tag-blog-de-caruaru","tag-blog-do-edvaldo-magalhaes","tag-blog-mais-acessado"],"_links":{"self":[{"href":"https:\/\/blogdoedvaldomagalhaes.com.br\/index.php\/wp-json\/wp\/v2\/posts\/118775","targetHints":{"allow":["GET"]}}],"collection":[{"href":"https:\/\/blogdoedvaldomagalhaes.com.br\/index.php\/wp-json\/wp\/v2\/posts"}],"about":[{"href":"https:\/\/blogdoedvaldomagalhaes.com.br\/index.php\/wp-json\/wp\/v2\/types\/post"}],"author":[{"embeddable":true,"href":"https:\/\/blogdoedvaldomagalhaes.com.br\/index.php\/wp-json\/wp\/v2\/users\/1"}],"replies":[{"embeddable":true,"href":"https:\/\/blogdoedvaldomagalhaes.com.br\/index.php\/wp-json\/wp\/v2\/comments?post=118775"}],"version-history":[{"count":1,"href":"https:\/\/blogdoedvaldomagalhaes.com.br\/index.php\/wp-json\/wp\/v2\/posts\/118775\/revisions"}],"predecessor-version":[{"id":118777,"href":"https:\/\/blogdoedvaldomagalhaes.com.br\/index.php\/wp-json\/wp\/v2\/posts\/118775\/revisions\/118777"}],"wp:featuredmedia":[{"embeddable":true,"href":"https:\/\/blogdoedvaldomagalhaes.com.br\/index.php\/wp-json\/wp\/v2\/media\/118776"}],"wp:attachment":[{"href":"https:\/\/blogdoedvaldomagalhaes.com.br\/index.php\/wp-json\/wp\/v2\/media?parent=118775"}],"wp:term":[{"taxonomy":"category","embeddable":true,"href":"https:\/\/blogdoedvaldomagalhaes.com.br\/index.php\/wp-json\/wp\/v2\/categories?post=118775"},{"taxonomy":"post_tag","embeddable":true,"href":"https:\/\/blogdoedvaldomagalhaes.com.br\/index.php\/wp-json\/wp\/v2\/tags?post=118775"}],"curies":[{"name":"wp","href":"https:\/\/api.w.org\/{rel}","templated":true}]}}