{"id":118772,"date":"2025-04-22T20:21:03","date_gmt":"2025-04-22T23:21:03","guid":{"rendered":"https:\/\/blogdoedvaldomagalhaes.com.br\/?p=118772"},"modified":"2025-04-22T20:21:03","modified_gmt":"2025-04-22T23:21:03","slug":"cachorro-com-sinais-de-maus-tratos-entra-em-delegacia-da-prf-e-e-resgatado","status":"publish","type":"post","link":"https:\/\/blogdoedvaldomagalhaes.com.br\/index.php\/2025\/04\/22\/cachorro-com-sinais-de-maus-tratos-entra-em-delegacia-da-prf-e-e-resgatado\/","title":{"rendered":"Cachorro com sinais de maus-tratos entra em Delegacia da PRF e \u00e9 resgatado"},"content":{"rendered":"<p>_Animal estava com ferimento profundo no pesco\u00e7o quando foi avistado pelos policiais_<\/p>\n<p>Um cachorro que apresentava sinais de maus-tratos e diversos ferimentos graves foi resgatado, no domingo (20.04), ap\u00f3s entrar na Delegacia da Pol\u00edcia Rodovi\u00e1ria Federal (PRF), localizada no bairro do Curado, na Zona Oeste do Recife. O animal estava bastante assustado e quase sem for\u00e7as, quando foi ao encontro dos policiais que trabalham na unidade.<\/p>\n<p>Policiais estavam na unidade operacional localizada no Km 69 da rodovia, quando avistaram um cachorro bastante debilitado entrar na Delegacia. Para a equipe, era como se o cachorro estivesse pedindo ajuda, pois apresentava um ferimento grave causado por um chicote de motocicleta, que apertava o pesco\u00e7o dele. <\/p>\n<p>Os policiais acionaram a institui\u00e7\u00e3o SOS Resgate para realizar o resgate do cachorro. O chicote foi retirado com os devidos cuidados e o ferimento do pesco\u00e7o come\u00e7ou a ser tratado. <\/p>\n<p>Ap\u00f3s se recuperar do procedimento, o c\u00e3o ser\u00e1 encaminhado \u00e0 Associa\u00e7\u00e3o Abrigo Patas Encantadas, que cuida e providencia a ado\u00e7\u00e3o de animais. L\u00e1 ele vai continuar o tratamento para conseguir um novo lar.<\/p>\n<p>Quem desejar ajudar a institui\u00e7\u00e3o, pode entrar em contato pelo telefone: (81)99275-2813<br \/>\nSiga o Instagram do Blog pelo @blogdoedvaldomagalhaes<br \/>\nFoto: Divulga\u00e7\u00e3o\/PRF<\/p>\n","protected":false},"excerpt":{"rendered":"<p>_Animal estava com ferimento profundo no pesco\u00e7o quando foi avistado pelos policiais_ Um cachorro que apresentava sinais de maus-tratos e&hellip;<\/p>\n","protected":false},"author":1,"featured_media":118773,"comment_status":"closed","ping_status":"open","sticky":false,"template":"","format":"standard","meta":{"footnotes":""},"categories":[14120],"tags":[30592,27410,2,28801,33408],"class_list":["post-118772","post","type-post","status-publish","format-standard","has-post-thumbnail","hentry","category-noticias","tag-blog-com-mais-seguidores","tag-blog-de-caruaru","tag-blog-do-edvaldo-magalhaes","tag-blog-mais-acessado","tag-cachorro-com-sinais-de-maus-tratos-entra-em-delegacia-da-prf-e-e-resgatado"],"_links":{"self":[{"href":"https:\/\/blogdoedvaldomagalhaes.com.br\/index.php\/wp-json\/wp\/v2\/posts\/118772","targetHints":{"allow":["GET"]}}],"collection":[{"href":"https:\/\/blogdoedvaldomagalhaes.com.br\/index.php\/wp-json\/wp\/v2\/posts"}],"about":[{"href":"https:\/\/blogdoedvaldomagalhaes.com.br\/index.php\/wp-json\/wp\/v2\/types\/post"}],"author":[{"embeddable":true,"href":"https:\/\/blogdoedvaldomagalhaes.com.br\/index.php\/wp-json\/wp\/v2\/users\/1"}],"replies":[{"embeddable":true,"href":"https:\/\/blogdoedvaldomagalhaes.com.br\/index.php\/wp-json\/wp\/v2\/comments?post=118772"}],"version-history":[{"count":1,"href":"https:\/\/blogdoedvaldomagalhaes.com.br\/index.php\/wp-json\/wp\/v2\/posts\/118772\/revisions"}],"predecessor-version":[{"id":118774,"href":"https:\/\/blogdoedvaldomagalhaes.com.br\/index.php\/wp-json\/wp\/v2\/posts\/118772\/revisions\/118774"}],"wp:featuredmedia":[{"embeddable":true,"href":"https:\/\/blogdoedvaldomagalhaes.com.br\/index.php\/wp-json\/wp\/v2\/media\/118773"}],"wp:attachment":[{"href":"https:\/\/blogdoedvaldomagalhaes.com.br\/index.php\/wp-json\/wp\/v2\/media?parent=118772"}],"wp:term":[{"taxonomy":"category","embeddable":true,"href":"https:\/\/blogdoedvaldomagalhaes.com.br\/index.php\/wp-json\/wp\/v2\/categories?post=118772"},{"taxonomy":"post_tag","embeddable":true,"href":"https:\/\/blogdoedvaldomagalhaes.com.br\/index.php\/wp-json\/wp\/v2\/tags?post=118772"}],"curies":[{"name":"wp","href":"https:\/\/api.w.org\/{rel}","templated":true}]}}