{"id":118770,"date":"2025-04-22T18:54:16","date_gmt":"2025-04-22T21:54:16","guid":{"rendered":"https:\/\/blogdoedvaldomagalhaes.com.br\/?p=118770"},"modified":"2025-04-22T18:54:16","modified_gmt":"2025-04-22T21:54:16","slug":"vereador-jorge-quintino-propoe-criacao-da-editora-municipal-de-caruaru-para-valorizar-producao-cultural-cientifica-e-institucional-da-cidade","status":"publish","type":"post","link":"https:\/\/blogdoedvaldomagalhaes.com.br\/index.php\/2025\/04\/22\/vereador-jorge-quintino-propoe-criacao-da-editora-municipal-de-caruaru-para-valorizar-producao-cultural-cientifica-e-institucional-da-cidade\/","title":{"rendered":"Vereador Jorge Quintino prop\u00f5e cria\u00e7\u00e3o da Editora Municipal de Caruaru para valorizar produ\u00e7\u00e3o cultural, cient\u00edfica e institucional da cidade"},"content":{"rendered":"<p><span style=\"font-size: revert;\">Com o objetivo de aproximar ainda mais o poder p\u00fablico da comunidade acad\u00eamica e cultural, o vereador Jorge Quintino apresentou \u00e0 C\u00e2mara Municipal de Caruaru um Anteprojeto de Lei que prop\u00f5e a cria\u00e7\u00e3o da Editora Municipal de Caruaru.<\/span><\/p>\n<p>A proposta tem como finalidade reunir, editar e divulgar a produ\u00e7\u00e3o institucional das secretarias municipais, al\u00e9m de fomentar a publica\u00e7\u00e3o de obras cient\u00edficas, t\u00e9cnicas, art\u00edsticas e culturais ligadas \u00e0 cidade. A ideia \u00e9 consolidar um espa\u00e7o oficial de valoriza\u00e7\u00e3o do conhecimento e da identidade caruaruense.<\/p>\n<p>\u201cCaruaru tem uma produ\u00e7\u00e3o intelectual e cultural riqu\u00edssima, que muitas vezes n\u00e3o encontra os meios adequados para ser difundida. Com a Editora Municipal, vamos garantir que esses conte\u00fados sejam preservados, divulgados e acess\u00edveis \u00e0 popula\u00e7\u00e3o\u201d, afirmou o vereador Jorge Quintino.<\/p>\n<p>O projeto prev\u00ea que a editora atue em parceria com universidades, escolas, centros de pesquisa, artistas e escritores, promovendo a democratiza\u00e7\u00e3o do saber e fortalecendo os la\u00e7os entre a gest\u00e3o p\u00fablica e a sociedade civil.<\/p>\n<p>A proposta tamb\u00e9m visa ampliar a transpar\u00eancia e o acesso \u00e0s informa\u00e7\u00f5es institucionais, contribuindo para que os cidad\u00e3os conhe\u00e7am melhor as a\u00e7\u00f5es das secretarias e os projetos desenvolvidos no munic\u00edpio.<\/p>\n<p>\u201cA Editora Municipal ser\u00e1 um marco importante na valoriza\u00e7\u00e3o do conhecimento produzido em nossa cidade, fortalecendo nossa cultura, nossa educa\u00e7\u00e3o e o compromisso com uma gest\u00e3o participativa e conectada com a popula\u00e7\u00e3o\u201d, concluiu Jorge Quintino.<\/p>\n<p>O Anteprojeto de Lei segue agora para os tr\u00e2mites internos da Casa Legislativa. Foto: Divulga\u00e7\u00e3o.<br \/>\nSiga o Instagram do Blog pelo @blogdoedvaldomagalhaes<\/p>\n","protected":false},"excerpt":{"rendered":"<p>Com o objetivo de aproximar ainda mais o poder p\u00fablico da comunidade acad\u00eamica e cultural, o vereador Jorge Quintino apresentou&hellip;<\/p>\n","protected":false},"author":1,"featured_media":118440,"comment_status":"closed","ping_status":"open","sticky":false,"template":"","format":"standard","meta":{"footnotes":""},"categories":[14122],"tags":[29440,27410,2,28801,20,27236],"class_list":["post-118770","post","type-post","status-publish","format-standard","has-post-thumbnail","hentry","category-politica","tag-blog-com-mais-visualizacao","tag-blog-de-caruaru","tag-blog-do-edvaldo-magalhaes","tag-blog-mais-acessado","tag-politica","tag-vereador-jorge-quintino"],"_links":{"self":[{"href":"https:\/\/blogdoedvaldomagalhaes.com.br\/index.php\/wp-json\/wp\/v2\/posts\/118770","targetHints":{"allow":["GET"]}}],"collection":[{"href":"https:\/\/blogdoedvaldomagalhaes.com.br\/index.php\/wp-json\/wp\/v2\/posts"}],"about":[{"href":"https:\/\/blogdoedvaldomagalhaes.com.br\/index.php\/wp-json\/wp\/v2\/types\/post"}],"author":[{"embeddable":true,"href":"https:\/\/blogdoedvaldomagalhaes.com.br\/index.php\/wp-json\/wp\/v2\/users\/1"}],"replies":[{"embeddable":true,"href":"https:\/\/blogdoedvaldomagalhaes.com.br\/index.php\/wp-json\/wp\/v2\/comments?post=118770"}],"version-history":[{"count":1,"href":"https:\/\/blogdoedvaldomagalhaes.com.br\/index.php\/wp-json\/wp\/v2\/posts\/118770\/revisions"}],"predecessor-version":[{"id":118771,"href":"https:\/\/blogdoedvaldomagalhaes.com.br\/index.php\/wp-json\/wp\/v2\/posts\/118770\/revisions\/118771"}],"wp:featuredmedia":[{"embeddable":true,"href":"https:\/\/blogdoedvaldomagalhaes.com.br\/index.php\/wp-json\/wp\/v2\/media\/118440"}],"wp:attachment":[{"href":"https:\/\/blogdoedvaldomagalhaes.com.br\/index.php\/wp-json\/wp\/v2\/media?parent=118770"}],"wp:term":[{"taxonomy":"category","embeddable":true,"href":"https:\/\/blogdoedvaldomagalhaes.com.br\/index.php\/wp-json\/wp\/v2\/categories?post=118770"},{"taxonomy":"post_tag","embeddable":true,"href":"https:\/\/blogdoedvaldomagalhaes.com.br\/index.php\/wp-json\/wp\/v2\/tags?post=118770"}],"curies":[{"name":"wp","href":"https:\/\/api.w.org\/{rel}","templated":true}]}}