{"id":118767,"date":"2025-04-22T16:59:24","date_gmt":"2025-04-22T19:59:24","guid":{"rendered":"https:\/\/blogdoedvaldomagalhaes.com.br\/?p=118767"},"modified":"2025-04-22T16:59:24","modified_gmt":"2025-04-22T19:59:24","slug":"anderson-correia-comemora-prisao-de-homem-que-matou-gato-com-uma-foice-em-pernambuco","status":"publish","type":"post","link":"https:\/\/blogdoedvaldomagalhaes.com.br\/index.php\/2025\/04\/22\/anderson-correia-comemora-prisao-de-homem-que-matou-gato-com-uma-foice-em-pernambuco\/","title":{"rendered":"Anderson Correia comemora pris\u00e3o de homem que matou gato com uma foice em Pernambuco"},"content":{"rendered":"<p>Um crime de maus-tratos a animais gerou revolta nas redes sociais e levou \u00e0 pris\u00e3o preventiva de um idoso de 63 anos em Sert\u00e2nia, no Sert\u00e3o de Pernambuco. O caso, que ganhou repercuss\u00e3o ap\u00f3s a divulga\u00e7\u00e3o de um v\u00eddeo nas redes sociais, mostra o momento em que o homem mata um gato com golpes de foice, ignorando os apelos desesperados de uma mulher que tenta impedir o ato.<\/p>\n<p>O vereador Anderson Correia, um dos principais nomes na defesa dos direitos dos animais em Pernambuco, comemorou a pris\u00e3o preventiva do acusado. Em suas redes sociais, Anderson destacou a import\u00e2ncia de puni\u00e7\u00f5es rigorosas para casos como esse, principalmente durante o Abril Laranja, m\u00eas de conscientiza\u00e7\u00e3o sobre a preven\u00e7\u00e3o da crueldade contra animais. A puni\u00e7\u00e3o para este caso destaca a forte atua\u00e7\u00e3o de Correia no combate aos maus-tratos no Estado, sempre buscando a aplica\u00e7\u00e3o das legisla\u00e7\u00f5es, como advogado animalista e defensor dos animais.<\/p>\n<p>\u201cA Justi\u00e7a confirmou a pris\u00e3o preventiva do agressor, que responder\u00e1 por crime de maus-tratos a animais. O caso \u00e9 enquadrado na Lei n\u00ba 14.064\/2020, conhecida como Lei Sans\u00e3o, que prev\u00ea, neste caso, pena de reclus\u00e3o de dois a seis anos, com agravante por causar a morte do pet, al\u00e9m de multa e proibi\u00e7\u00e3o da guarda de animais, para quem praticar maus-tratos contra c\u00e3es e gatos. Esse \u00e9 um momento importante na luta contra os maus-tratos, pois a pris\u00e3o desse agressor mostra que a sociedade est\u00e1 atenta e que a justi\u00e7a come\u00e7a a agir de forma mais en\u00e9rgica. Seguiremos vigilantes e atuantes para que casos como esse n\u00e3o fiquem impunes\u201d, destacou Anderson.<br \/>\nSeja seguidor do Instagram do Blog pelo @blogdoedvaldomagalhaes<br \/>\nFoto: Divulga\u00e7\u00e3o <\/p>\n","protected":false},"excerpt":{"rendered":"<p>Um crime de maus-tratos a animais gerou revolta nas redes sociais e levou \u00e0 pris\u00e3o preventiva de um idoso de&hellip;<\/p>\n","protected":false},"author":1,"featured_media":118768,"comment_status":"closed","ping_status":"open","sticky":false,"template":"","format":"standard","meta":{"footnotes":""},"categories":[14122],"tags":[33407,29440,27410,13146,28801,20],"class_list":["post-118767","post","type-post","status-publish","format-standard","has-post-thumbnail","hentry","category-politica","tag-anderson-correia-comemora-prisao-de-homem-que-matou-gato-com-uma-foice-em-pe","tag-blog-com-mais-visualizacao","tag-blog-de-caruaru","tag-blog-edvaldo-magalhaes","tag-blog-mais-acessado","tag-politica"],"_links":{"self":[{"href":"https:\/\/blogdoedvaldomagalhaes.com.br\/index.php\/wp-json\/wp\/v2\/posts\/118767","targetHints":{"allow":["GET"]}}],"collection":[{"href":"https:\/\/blogdoedvaldomagalhaes.com.br\/index.php\/wp-json\/wp\/v2\/posts"}],"about":[{"href":"https:\/\/blogdoedvaldomagalhaes.com.br\/index.php\/wp-json\/wp\/v2\/types\/post"}],"author":[{"embeddable":true,"href":"https:\/\/blogdoedvaldomagalhaes.com.br\/index.php\/wp-json\/wp\/v2\/users\/1"}],"replies":[{"embeddable":true,"href":"https:\/\/blogdoedvaldomagalhaes.com.br\/index.php\/wp-json\/wp\/v2\/comments?post=118767"}],"version-history":[{"count":1,"href":"https:\/\/blogdoedvaldomagalhaes.com.br\/index.php\/wp-json\/wp\/v2\/posts\/118767\/revisions"}],"predecessor-version":[{"id":118769,"href":"https:\/\/blogdoedvaldomagalhaes.com.br\/index.php\/wp-json\/wp\/v2\/posts\/118767\/revisions\/118769"}],"wp:featuredmedia":[{"embeddable":true,"href":"https:\/\/blogdoedvaldomagalhaes.com.br\/index.php\/wp-json\/wp\/v2\/media\/118768"}],"wp:attachment":[{"href":"https:\/\/blogdoedvaldomagalhaes.com.br\/index.php\/wp-json\/wp\/v2\/media?parent=118767"}],"wp:term":[{"taxonomy":"category","embeddable":true,"href":"https:\/\/blogdoedvaldomagalhaes.com.br\/index.php\/wp-json\/wp\/v2\/categories?post=118767"},{"taxonomy":"post_tag","embeddable":true,"href":"https:\/\/blogdoedvaldomagalhaes.com.br\/index.php\/wp-json\/wp\/v2\/tags?post=118767"}],"curies":[{"name":"wp","href":"https:\/\/api.w.org\/{rel}","templated":true}]}}