{"id":118764,"date":"2025-04-22T16:52:19","date_gmt":"2025-04-22T19:52:19","guid":{"rendered":"https:\/\/blogdoedvaldomagalhaes.com.br\/?p=118764"},"modified":"2025-04-22T16:52:19","modified_gmt":"2025-04-22T19:52:19","slug":"prefeito-rodrigo-pinheiro-divulga-balanco-dos-100-dias-de-gestao-com-entrega-da-nova-avenida-jose-rodrigues-de-jesus-e-novas-ambulancias-do-samu","status":"publish","type":"post","link":"https:\/\/blogdoedvaldomagalhaes.com.br\/index.php\/2025\/04\/22\/prefeito-rodrigo-pinheiro-divulga-balanco-dos-100-dias-de-gestao-com-entrega-da-nova-avenida-jose-rodrigues-de-jesus-e-novas-ambulancias-do-samu\/","title":{"rendered":"Prefeito Rodrigo Pinheiro divulga balan\u00e7o dos 100 dias de gest\u00e3o com entrega da nova Avenida Jos\u00e9 Rodrigues de Jesus e novas ambul\u00e2ncias do SAMU"},"content":{"rendered":"<p>_Laborat\u00f3rio do Complexo de Sa\u00fade Jacqueline Fernandes tamb\u00e9m passou por um processo de moderniza\u00e7\u00e3o e a popula\u00e7\u00e3o vai ter mais agilidade no resultado de exames_<\/p>\n<p>O prefeito Rodrigo Pinheiro divulgou, nesta ter\u00e7a-feira (22), o balan\u00e7o dos 100 dias de gest\u00e3o com duas importantes entregas para o povo caruaruense: a nova Avenida Jos\u00e9 Rodrigues de Jesus, completamente requalificada, e duas UTIs m\u00f3veis para a frota do Servi\u00e7o de Atendimento M\u00f3vel de Urg\u00eancia (SAMU). <\/p>\n<p>A Avenida Jos\u00e9 Rodrigues de Jesus ganhou uma nova identidade visual. Com investimento de pouco mais de R$ 14 milh\u00f5es, a via recebeu nova drenagem, asfalto novo, sinaliza\u00e7\u00e3o, nova ilumina\u00e7\u00e3o em LED, cal\u00e7adas acess\u00edveis, paisagismo e o primeiro p\u00f3rtico do munic\u00edpio, que d\u00e1 as boas-vindas a quem chega em Caruaru pela BR-232. Cumprindo uma promessa de campanha, a via conta agora com um cercamento eletr\u00f4nico, com diversas c\u00e2meras que t\u00eam a capacidade de realizar reconhecimento facial e de placas de ve\u00edculos, garantindo mais seguran\u00e7a na cidade. <\/p>\n<p>Al\u00e9m disso, o espa\u00e7o ganhou uma est\u00e1tua de um dos maiores nomes da arte do barro no mundo: o caruaruense Mestre Vitalino. A pe\u00e7a foi feita por Vitalino Neto, um dos herdeiros do mestre artes\u00e3o. Ligado \u00e0 Avenida Jos\u00e9 Rodrigues de Jesus, foi entregue o bin\u00e1rio do bairro Santa Rosa para trazer mais seguran\u00e7a e mobilidade para os motoristas e pedestres, al\u00e9m de promover a integra\u00e7\u00e3o entre bairros pr\u00f3ximos. <\/p>\n<p>Na sa\u00fade, o prefeito segue investindo na melhoria dos servi\u00e7os p\u00fablicos. Nesta ter\u00e7a, ele entregou duas novas UTIs m\u00f3veis para a frota do SAMU. <\/p>\n<p>O Laborat\u00f3rio Municipal do Complexo de Sa\u00fade Jacqueline Fernandes tamb\u00e9m est\u00e1 passando por um processo de moderniza\u00e7\u00e3o, com a aquisi\u00e7\u00e3o de novos equipamentos para exames. Com isso, a prefeitura consegue processar v\u00e1rias amostras em um curto espa\u00e7o de tempo, al\u00e9m de possibilitar que os pacientes tenham acesso aos resultados de forma online. Por meio de um link, os usu\u00e1rios poder\u00e3o visualizar seus laudos diretamente no celular, computador ou qualquer dispositivo com acesso \u00e0 internet, proporcionando mais comodidade e agilidade no acompanhamento dos resultados.<\/p>\n<p>No setor de servi\u00e7os p\u00fablicos, a gest\u00e3o iniciou o programa Prefeitura na Porta, que est\u00e1 passando pelos bairros da cidade com diversos servi\u00e7os. Tamb\u00e9m foi feita a amplia\u00e7\u00e3o da ilumina\u00e7\u00e3o de diversas ruas. De forma simult\u00e2nea, a prefeitura tamb\u00e9m entregou mais ruas cal\u00e7adas, por meio do programa \u201cMinha Rua Nova\u201d e deu in\u00edcio ao projeto de requalifica\u00e7\u00e3o arquitet\u00f4nica, estrutural e de manuten\u00e7\u00e3o das pontes de Caruaru. No Alto do Moura, foi entregue o novo acesso ao bairro, com asfalto novo. <\/p>\n<p>Na educa\u00e7\u00e3o, a popula\u00e7\u00e3o recebeu uma escola e dois Centros Municipais de Educa\u00e7\u00e3o Infantil (CMEIs) completamente novos: a Escola Municipal Santos Anjos, que \u00e9 a maior do munic\u00edpio, conta com quadra coberta, piscina, laborat\u00f3rio, entre outros; e os CMEIs da Nova Caruaru e do Ju\u00e1, sendo o \u00faltimo o primeiro daquela localidade. Os espa\u00e7os contam com salas climatizadas e adequadas para cada faixa et\u00e1ria, al\u00e9m de material educativo de qualidade, garantindo a excel\u00eancia no ensino para as crian\u00e7as e os adolescentes de Caruaru. <\/p>\n<p>O desenvolvimento rural de Caruaru \u00e9 outra \u00e1rea que segue a todo vapor, demonstrando a preocupa\u00e7\u00e3o do prefeito Rodrigo Pinheiro com a zona rural do munic\u00edpio. Foi entregue o CRAS de Malhada de Pedra completamente requalificado, o maior investimento da hist\u00f3ria na agricultura familiar e a primeira edi\u00e7\u00e3o da Feira Intermunicipal da Agricultura Familiar. Ainda ser\u00e1 entregue a obra de acesso \u00e0 comunidade de Pau Santo, que vai trazer mais seguran\u00e7a e acessibilidade aos moradores, al\u00e9m de outras ruas nos diversos distritos. <\/p>\n<p>O Plano Municipal de Turismo foi aprovado por unanimidade na C\u00e2mara de Vereadores de Caruaru, o que vai impulsionar ainda mais o potencial tur\u00edstico do munic\u00edpio. J\u00e1 a PrefTV, emissora p\u00fablica afiliada \u00e0 Empresa Brasil de Comunica\u00e7\u00e3o (EBC), em breve estar\u00e1 no ar na TV aberta. A emissora, que \u00e9 mais um canal de comunica\u00e7\u00e3o entre as pessoas e os servi\u00e7os que elas t\u00eam direito, implementou novos programas e exibe todos os materiais no YouTube.<\/p>\n<p>Foi criada a Secretaria Executiva do Parque 18 de maio, que est\u00e1 imprimindo um ritmo acelerado de melhorias no setor, que j\u00e1 conta com a moderniza\u00e7\u00e3o da rede el\u00e9trica e com a amplia\u00e7\u00e3o da ilumina\u00e7\u00e3o do espa\u00e7o. Ainda teve in\u00edcio a requalifica\u00e7\u00e3o do Estacionamento da Vi\u00fava. Ademais, o calend\u00e1rio dos concursos p\u00fablicos de 2025 foi apresentado, garantindo a responsabilidade da governan\u00e7a municipal. <\/p>\n<p>Outros projetos est\u00e3o em andamento e devem ser entregues em breve, como a lavanderia p\u00fablica do Luiz Bezerra Torres e a pavimenta\u00e7\u00e3o asf\u00e1ltica da Ceaca.<br \/>\nSiga o Instagram do Blog pelo @blogdoedvaldomagalhaes<br \/>\nFoto: Jorge Farias\/Secom\/PMC<\/p>\n","protected":false},"excerpt":{"rendered":"<p>_Laborat\u00f3rio do Complexo de Sa\u00fade Jacqueline Fernandes tamb\u00e9m passou por um processo de moderniza\u00e7\u00e3o e a popula\u00e7\u00e3o vai ter mais&hellip;<\/p>\n","protected":false},"author":1,"featured_media":118765,"comment_status":"closed","ping_status":"open","sticky":false,"template":"","format":"standard","meta":{"footnotes":""},"categories":[14122],"tags":[28803,27410,2,28801,20,33406],"class_list":["post-118764","post","type-post","status-publish","format-standard","has-post-thumbnail","hentry","category-politica","tag-blog-com-mais-visualizacoes","tag-blog-de-caruaru","tag-blog-do-edvaldo-magalhaes","tag-blog-mais-acessado","tag-politica","tag-prefeito-rodrigo-pinheiro-divulga-balanco-dos-100-dias-de-gestao-com-entrega-da-nova-avenida-jose-rodrigues-de-jesus-e-novas-ambulancias-do-samu"],"_links":{"self":[{"href":"https:\/\/blogdoedvaldomagalhaes.com.br\/index.php\/wp-json\/wp\/v2\/posts\/118764","targetHints":{"allow":["GET"]}}],"collection":[{"href":"https:\/\/blogdoedvaldomagalhaes.com.br\/index.php\/wp-json\/wp\/v2\/posts"}],"about":[{"href":"https:\/\/blogdoedvaldomagalhaes.com.br\/index.php\/wp-json\/wp\/v2\/types\/post"}],"author":[{"embeddable":true,"href":"https:\/\/blogdoedvaldomagalhaes.com.br\/index.php\/wp-json\/wp\/v2\/users\/1"}],"replies":[{"embeddable":true,"href":"https:\/\/blogdoedvaldomagalhaes.com.br\/index.php\/wp-json\/wp\/v2\/comments?post=118764"}],"version-history":[{"count":1,"href":"https:\/\/blogdoedvaldomagalhaes.com.br\/index.php\/wp-json\/wp\/v2\/posts\/118764\/revisions"}],"predecessor-version":[{"id":118766,"href":"https:\/\/blogdoedvaldomagalhaes.com.br\/index.php\/wp-json\/wp\/v2\/posts\/118764\/revisions\/118766"}],"wp:featuredmedia":[{"embeddable":true,"href":"https:\/\/blogdoedvaldomagalhaes.com.br\/index.php\/wp-json\/wp\/v2\/media\/118765"}],"wp:attachment":[{"href":"https:\/\/blogdoedvaldomagalhaes.com.br\/index.php\/wp-json\/wp\/v2\/media?parent=118764"}],"wp:term":[{"taxonomy":"category","embeddable":true,"href":"https:\/\/blogdoedvaldomagalhaes.com.br\/index.php\/wp-json\/wp\/v2\/categories?post=118764"},{"taxonomy":"post_tag","embeddable":true,"href":"https:\/\/blogdoedvaldomagalhaes.com.br\/index.php\/wp-json\/wp\/v2\/tags?post=118764"}],"curies":[{"name":"wp","href":"https:\/\/api.w.org\/{rel}","templated":true}]}}