{"id":118757,"date":"2025-04-22T11:52:26","date_gmt":"2025-04-22T14:52:26","guid":{"rendered":"https:\/\/blogdoedvaldomagalhaes.com.br\/?p=118757"},"modified":"2025-04-22T11:52:26","modified_gmt":"2025-04-22T14:52:26","slug":"baixo-nivel-da-barragem-de-jucazinho-compromete-abastecimento-de-agua-em-varias-cidades","status":"publish","type":"post","link":"https:\/\/blogdoedvaldomagalhaes.com.br\/index.php\/2025\/04\/22\/baixo-nivel-da-barragem-de-jucazinho-compromete-abastecimento-de-agua-em-varias-cidades\/","title":{"rendered":"Baixo n\u00edvel da Barragem de Jucazinho compromete abastecimento de \u00e1gua em v\u00e1rias cidades"},"content":{"rendered":"<p style=\"font-weight: 400;\"><span data-removefontsize=\"true\" data-originalcomputedfontsize=\"16\">A falta de chuvas na bacia hidrogr\u00e1fica que alimenta a Barragem de Jucazinho, localizada em Surubim, que hoje se encontra com apenas 3,4<\/span><span data-removefontsize=\"true\" data-originalcomputedfontsize=\"16\">7<\/span><span data-removefontsize=\"true\" data-originalcomputedfontsize=\"16\">% da sua capacidade, tem mobilizado a Companhia Pernambucana de Saneamento \u2013 Compesa. O Sistema Jucazinho, que atende atualmente 11 munic\u00edpios do Agreste e refor\u00e7a o abastecimento das cidades de Bezerros e Gravat\u00e1, est\u00e1 operando com apenas 150 litros de \u00e1gua por segundo (l\/s) para o Tramo Norte, devido \u00e0 situa\u00e7\u00e3o de pr\u00e9-colapso, quando a produ\u00e7\u00e3o normal seria 970 l\/s (Tramo Norte e Sul). Essa situa\u00e7\u00e3o, que limita o sistema a operar com apenas 15% da sua capacidade nominal e que est\u00e1 comprometendo o abastecimento dessas cidades, agravou-se nos \u00faltimos dias em decorr\u00eancia de dois fatores: um deles foi a necessidade de realiza\u00e7\u00e3o de interven\u00e7\u00f5es emergenciais para a explora\u00e7\u00e3o da reserva t\u00e9cnica do manancial. Outro, a necessidade de substitui\u00e7\u00e3o de uma comporta que apresentou avarias, situa\u00e7\u00e3o identificada pelos t\u00e9cnicos da Compesa quando foi iniciado o deslocamento do ponto de capta\u00e7\u00e3o da barragem para a retirada da \u00e1gua ainda dispon\u00edvel no reservat\u00f3rio. <\/span><\/p>\n<p style=\"font-weight: 400;\">\n<p style=\"font-weight: 400;\"><span data-removefontsize=\"true\" data-originalcomputedfontsize=\"16\">A comporta, que estava submersa ao longo dos anos e em avan\u00e7ado estado de obsolesc\u00eancia, desmontou. Esse fator comprometeu a opera\u00e7\u00e3o do equipamento, deixando-o sem condi\u00e7\u00f5es de funcionalidade. As medidas para a troca da comporta, item essencial para o melhor aproveitamento da \u00e1gua armazenada em uma barragem em situa\u00e7\u00e3o de pr\u00e9-colapso, est\u00e3o em andamento e devem ser conclu\u00eddas at\u00e9 o final deste m\u00eas. Para regularizar o calend\u00e1rio de abastecimento dessas localidades, a Compesa est\u00e1 executando essas e outras a\u00e7\u00f5es que visam utilizar a reserva t\u00e9cnica da barragem. Foram instaladas duas balsas flutuantes para captar a \u00e1gua, com a implanta\u00e7\u00e3o de uma nova tomada de \u00e1gua que ser\u00e1 ancorada na parede da Barragem de Jucazinho. As tubula\u00e7\u00f5es ser\u00e3o interligadas \u00e0s balsas, servi\u00e7os considerados complexos. Esses equipamentos, que j\u00e1 foram instalados, ainda n\u00e3o est\u00e3o em funcionamento devido aos danos verificados na comporta do reservat\u00f3rio e necessidade de substitui\u00e7\u00e3o. A expectativa \u00e9 que, com essas medidas, seja poss\u00edvel recuperar a vaz\u00e3o de 400 l\/s e regularizar o cronograma de abastecimento dos munic\u00edpios atendidos por Jucazinho, na esperan\u00e7a que o reservat\u00f3rio consiga acumular \u00e1gua no inverno.<br \/>\n<\/span><\/p>\n<p style=\"font-weight: 400;\"><strong><span data-removefontsize=\"true\" data-originalcomputedfontsize=\"16\">Abastecimento das cidades atendidas pelo Sistema Jucazinho<\/span><\/strong><\/p>\n<p style=\"font-weight: 400;\">\n<p style=\"font-weight: 400;\"><span data-removefontsize=\"true\" data-originalcomputedfontsize=\"16\">Os munic\u00edpios impactados com \u00e0 falta de chuvas na barragem de Jucazinho s\u00e3o Surubim, Salgadinho, Casinhas, Frei Miguelinho, Santa Maria do Cambuc\u00e1, Vertentes, Vertente do L\u00e9rio e Toritama (Tramo Norte) e Cumaru, Passira e Riacho das Almas. As cidades de Bezerros e Gravat\u00e1 recebiam refor\u00e7o de Jucazinho, por\u00e9m est\u00e3o sem esse suporte e sendo atendidas apenas pelos mananciais locais.<\/span><\/p>\n<p style=\"font-weight: 400;\">\n<p style=\"font-weight: 400;\"><span data-removefontsize=\"true\" data-originalcomputedfontsize=\"16\">Entre as cidades que recebem \u00e1gua de Jucazinho, uma das situa\u00e7\u00f5es mais cr\u00edticas \u00e9 a enfrentada por Bezerros. A cidade depende tanto de Jucazinho quanto da Barragem de Brej\u00e3o, que est\u00e1 em pr\u00e9-colapso com apenas 6,88% da sua capacidade de armazenamento. Com a redu\u00e7\u00e3o na produ\u00e7\u00e3o, algumas \u00e1reas est\u00e3o com um sistema de rod\u00edzio de at\u00e9 14 dias sem \u00e1gua. Essa situa\u00e7\u00e3o poder\u00e1 ser revertida caso Jucazinho volte a acumular \u00e1gua.<\/span><\/p>\n<p style=\"font-weight: 400;\">\n<p style=\"font-weight: 400;\"><span data-removefontsize=\"true\" data-originalcomputedfontsize=\"16\">J\u00e1 a cidade de Caruaru, que tamb\u00e9m era atendida pelo Sistema Jucazinho, deixou de receber \u00e1gua do manancial ap\u00f3s a finaliza\u00e7\u00e3o de uma obra realizada em tempo recorde para interligar a Adutora do Agreste \u00e0 Adutora de Jucazinho. O munic\u00edpio agora est\u00e1 recebendo \u00e1gua da Transposi\u00e7\u00e3o do Rio S\u00e3o Francisco, um volume de 400 l\/s. A sa\u00edda de Caruaru do complexo de abastecimento de Jucazinho possibilitar\u00e1 \u00e0 Compesa salvaguardar o abastecimento das outras cidades atendidas por esse sistema.<\/span><\/p>\n<p style=\"font-weight: 400;\">\n<p style=\"font-weight: 400;\"><span data-removefontsize=\"true\" data-originalcomputedfontsize=\"16\">J\u00e1 para o munic\u00edpio de Gravat\u00e1, a contribui\u00e7\u00e3o de Jucazinho \u00e9 pequena, e apenas 3% da popula\u00e7\u00e3o depende da \u00e1gua da barragem (alguns condom\u00ednios localizados \u00e0s margens da BR-232).\u00a0 A cidade \u00e9 atendida, ainda, pelos Sistemas Amaraji, Brejinho, Vertentes e Clipper, que representam 97% da produ\u00e7\u00e3o, e o calend\u00e1rio est\u00e1 sendo cumprido.<br \/>\nSeja seguidor do Instagram do Blog pelo @blogdoedvaldomagalhaes<\/span><\/p>\n<p style=\"font-weight: 400;\"><span data-removefontsize=\"true\" data-originalcomputedfontsize=\"16\"><br style=\"font-weight: 400;\" \/><br \/>\n<\/span><\/p>\n<p style=\"font-weight: 400;\">\n","protected":false},"excerpt":{"rendered":"<p>A falta de chuvas na bacia hidrogr\u00e1fica que alimenta a Barragem de Jucazinho, localizada em Surubim, que hoje se encontra&hellip;<\/p>\n","protected":false},"author":1,"featured_media":118759,"comment_status":"closed","ping_status":"open","sticky":false,"template":"","format":"standard","meta":{"footnotes":""},"categories":[14120],"tags":[4967,30592,27410,2,28801],"class_list":["post-118757","post","type-post","status-publish","format-standard","has-post-thumbnail","hentry","category-noticias","tag-barragem-de-jucazinho","tag-blog-com-mais-seguidores","tag-blog-de-caruaru","tag-blog-do-edvaldo-magalhaes","tag-blog-mais-acessado"],"_links":{"self":[{"href":"https:\/\/blogdoedvaldomagalhaes.com.br\/index.php\/wp-json\/wp\/v2\/posts\/118757","targetHints":{"allow":["GET"]}}],"collection":[{"href":"https:\/\/blogdoedvaldomagalhaes.com.br\/index.php\/wp-json\/wp\/v2\/posts"}],"about":[{"href":"https:\/\/blogdoedvaldomagalhaes.com.br\/index.php\/wp-json\/wp\/v2\/types\/post"}],"author":[{"embeddable":true,"href":"https:\/\/blogdoedvaldomagalhaes.com.br\/index.php\/wp-json\/wp\/v2\/users\/1"}],"replies":[{"embeddable":true,"href":"https:\/\/blogdoedvaldomagalhaes.com.br\/index.php\/wp-json\/wp\/v2\/comments?post=118757"}],"version-history":[{"count":2,"href":"https:\/\/blogdoedvaldomagalhaes.com.br\/index.php\/wp-json\/wp\/v2\/posts\/118757\/revisions"}],"predecessor-version":[{"id":118760,"href":"https:\/\/blogdoedvaldomagalhaes.com.br\/index.php\/wp-json\/wp\/v2\/posts\/118757\/revisions\/118760"}],"wp:featuredmedia":[{"embeddable":true,"href":"https:\/\/blogdoedvaldomagalhaes.com.br\/index.php\/wp-json\/wp\/v2\/media\/118759"}],"wp:attachment":[{"href":"https:\/\/blogdoedvaldomagalhaes.com.br\/index.php\/wp-json\/wp\/v2\/media?parent=118757"}],"wp:term":[{"taxonomy":"category","embeddable":true,"href":"https:\/\/blogdoedvaldomagalhaes.com.br\/index.php\/wp-json\/wp\/v2\/categories?post=118757"},{"taxonomy":"post_tag","embeddable":true,"href":"https:\/\/blogdoedvaldomagalhaes.com.br\/index.php\/wp-json\/wp\/v2\/tags?post=118757"}],"curies":[{"name":"wp","href":"https:\/\/api.w.org\/{rel}","templated":true}]}}