{"id":118748,"date":"2025-04-22T08:51:07","date_gmt":"2025-04-22T11:51:07","guid":{"rendered":"https:\/\/blogdoedvaldomagalhaes.com.br\/?p=118748"},"modified":"2025-04-22T08:51:07","modified_gmt":"2025-04-22T11:51:07","slug":"exposicao-bois-de-vitalino-abre-as-portas-para-visitacao","status":"publish","type":"post","link":"https:\/\/blogdoedvaldomagalhaes.com.br\/index.php\/2025\/04\/22\/exposicao-bois-de-vitalino-abre-as-portas-para-visitacao\/","title":{"rendered":"Exposi\u00e7\u00e3o Bois de Vitalino abre as portas para visita\u00e7\u00e3o"},"content":{"rendered":"<p>Ter\u00e1 in\u00edcio nesta quinta-feira (24.04), a partir das 19h30, a exposi\u00e7\u00e3o Bois de Vitalino, na Casa da Mulher Artes\u00e3, no Alto do Moura, em Caruaru.  Na ocasi\u00e3o, ser\u00e1 realizada a Vernissage, que contar\u00e1 com a presen\u00e7a dos artistas participantes, equipe e convidados. A exposi\u00e7\u00e3o seguir\u00e1 aberta para visita\u00e7\u00e3o gratuita at\u00e9 o dia 31 de maio. <\/p>\n<p>De acordo com o idealizador e produtor Evandro Lunardo: \u201cDepois de v\u00e1rias etapas construtivas na iniciativa, vamos fazer essa linda homenagem ao Mestre Vitalino de Caruaru. A exposi\u00e7\u00e3o Bois de Vitalino se conecta com o seu legado e promove um di\u00e1logo entre as artes visuais tradicionais e contempor\u00e2neas\u201d. <\/p>\n<p>Bois de Vitalino \u00e9 composta por 10 esculturas em cer\u00e2mica, r\u00e9plicas da tradicional obra de Mestre Vitalino, desenvolvidas pelo seu neto, Emanuel Vitalino, e customizadas por artistas pernambucanos do Agreste Central:  Anderson Castanha, com a obra Africanizar; Cl\u00e9cio Lacerda, com a obra Vida Vitalina; Dan, com Boi Colorido; Djhou Letter, com Do Barro ao Contempor\u00e2neo; Emilly Monteiro, com Festejo Vitalino; Hel\u00f4 Germany, com Boi Vital; Marc\u00edlio Carvalho, com A Alma do Boi; Maria das Nuvens, com Sob os Olhos de V\u00f3; Osmar Jorge, com Boi Sol Ful\u00f4; e Sandro Lima, com O Boi Voador do Sonhador Menino Vitalino. \u201cEsta \u00e9 uma celebra\u00e7\u00e3o que presenteia o p\u00fablico com express\u00f5es art\u00edsticas potentes do Agreste pernambucano\u201d, explica Lunardo.<\/p>\n<p>Este \u00e9 um projeto da Lunardo Produ\u00e7\u00f5es Art\u00edsticas, incentivado pelo Governo de Pernambuco, atrav\u00e9s do Funcultura, e conta com apoio da Prefeitura de Caruaru, atrav\u00e9s da Funda\u00e7\u00e3o de Cultura, e da Circullus.<\/p>\n<p>PROCESSO DE SELE\u00c7\u00c3O:<br \/>\nOs 10 trabalhos que comp\u00f5em Bois de Vitalino foram selecionados num universo de 40 propostas, pelo curador e expografista da exposi\u00e7\u00e3o, Humberto Bot\u00e3o. Atrav\u00e9s de chamamento p\u00fablico, artistas de cidades do Agreste Central interessados em participar enviaram suas propostas, que foram selecionadas atrav\u00e9s de an\u00e1lise t\u00e9cnica, art\u00edstica e conceitual. <\/p>\n<p>\u201c\u00c9 uma alegria ver materializar-se as propostas que selecionamos. Como j\u00e1 disse anteriormente, a sele\u00e7\u00e3o foi um processo dif\u00edcil, diante da alta qualidade do que foi apresentado. No entanto, o resultado entregue \u00e9 ainda mais impactante! Sem d\u00favida, essa \u00e9 uma exposi\u00e7\u00e3o de revisita o legado de Mestre Vitalino, mas quem tamb\u00e9m contribui com o que est\u00e1 por vir, com a contemporaneidade da produ\u00e7\u00e3o art\u00edstica pernambucana\u201d, assegura o curador, Humberto Bot\u00e3o.<\/p>\n<p>ACESSIBILIDADE:<br \/>\nNa perspectiva da democratiza\u00e7\u00e3o das artes e da frui\u00e7\u00e3o art\u00edstica, o projeto conta, ainda, com audiodescri\u00e7\u00e3o das 10 obras, buscando se tornar acess\u00edvel, tamb\u00e9m, para o p\u00fablico de pessoas com defici\u00eancia visual. Ainda neste vi\u00e9s, na \u00faltima quarta-feira, 16, Vanessa Marques, da Ferva Acessibilidade, empresa respons\u00e1vel pela consultoria de acessibilidade, realizou forma\u00e7\u00e3o com a equipe da media\u00e7\u00e3o educativa com recorte de acessibilidade atitudinal e comunicacional. <\/p>\n<p>EDUCATIVO:<br \/>\nAl\u00e9m do vi\u00e9s art\u00edstico, Bois de Vitalino tamb\u00e9m possui um recorte educacional. Al\u00e9m das visitas mediadas, que ser\u00e3o guiadas pela equipe da media\u00e7\u00e3o educativa, ainda ser\u00e3o realizadas quatro palestras com tem\u00e1ticas culturais, em formato presencial, sempre aos s\u00e1bados, das 15h \u00e0s 18h, na Casa da Mulher Artes\u00e3, com entrada gratuita: <\/p>\n<p>\u2022 03 de maio: Curadoria e Expografia para Artesanato e Artes Visuais, com o curador Humberto Bot\u00e3o;<br \/>\n\u2022 10 de maio: Comunica\u00e7\u00e3o e Divulga\u00e7\u00e3o de Projetos Culturais, com a assessora de imprensa Amanda Nascimento;<br \/>\n\u2022 25 de maio: Produ\u00e7\u00e3o e Gest\u00e3o Cultural na linguagem de Artesanato, com o produtor cultural Evandro Lunardo;<br \/>\n\u2022 31 de maio: Bois de Vitalino, com o ceramista Emanuel Vitalino. Foto: Divulga\u00e7\u00e3o<br \/>\nSeja seguidor do Instagram do Blog pelo @blogdoedvaldomagalhaes<\/p>\n","protected":false},"excerpt":{"rendered":"<p>Ter\u00e1 in\u00edcio nesta quinta-feira (24.04), a partir das 19h30, a exposi\u00e7\u00e3o Bois de Vitalino, na Casa da Mulher Artes\u00e3, no&hellip;<\/p>\n","protected":false},"author":1,"featured_media":118749,"comment_status":"closed","ping_status":"open","sticky":false,"template":"","format":"standard","meta":{"footnotes":""},"categories":[14120],"tags":[33402,28803,27410,2,33401],"class_list":["post-118748","post","type-post","status-publish","format-standard","has-post-thumbnail","hentry","category-noticias","tag-blgo-mais-seguidores","tag-blog-com-mais-visualizacoes","tag-blog-de-caruaru","tag-blog-do-edvaldo-magalhaes","tag-exposicao-bois-de-vitalino-abre-as-portas-para-visitacao"],"_links":{"self":[{"href":"https:\/\/blogdoedvaldomagalhaes.com.br\/index.php\/wp-json\/wp\/v2\/posts\/118748","targetHints":{"allow":["GET"]}}],"collection":[{"href":"https:\/\/blogdoedvaldomagalhaes.com.br\/index.php\/wp-json\/wp\/v2\/posts"}],"about":[{"href":"https:\/\/blogdoedvaldomagalhaes.com.br\/index.php\/wp-json\/wp\/v2\/types\/post"}],"author":[{"embeddable":true,"href":"https:\/\/blogdoedvaldomagalhaes.com.br\/index.php\/wp-json\/wp\/v2\/users\/1"}],"replies":[{"embeddable":true,"href":"https:\/\/blogdoedvaldomagalhaes.com.br\/index.php\/wp-json\/wp\/v2\/comments?post=118748"}],"version-history":[{"count":1,"href":"https:\/\/blogdoedvaldomagalhaes.com.br\/index.php\/wp-json\/wp\/v2\/posts\/118748\/revisions"}],"predecessor-version":[{"id":118750,"href":"https:\/\/blogdoedvaldomagalhaes.com.br\/index.php\/wp-json\/wp\/v2\/posts\/118748\/revisions\/118750"}],"wp:featuredmedia":[{"embeddable":true,"href":"https:\/\/blogdoedvaldomagalhaes.com.br\/index.php\/wp-json\/wp\/v2\/media\/118749"}],"wp:attachment":[{"href":"https:\/\/blogdoedvaldomagalhaes.com.br\/index.php\/wp-json\/wp\/v2\/media?parent=118748"}],"wp:term":[{"taxonomy":"category","embeddable":true,"href":"https:\/\/blogdoedvaldomagalhaes.com.br\/index.php\/wp-json\/wp\/v2\/categories?post=118748"},{"taxonomy":"post_tag","embeddable":true,"href":"https:\/\/blogdoedvaldomagalhaes.com.br\/index.php\/wp-json\/wp\/v2\/tags?post=118748"}],"curies":[{"name":"wp","href":"https:\/\/api.w.org\/{rel}","templated":true}]}}