{"id":118745,"date":"2025-04-21T18:58:47","date_gmt":"2025-04-21T21:58:47","guid":{"rendered":"https:\/\/blogdoedvaldomagalhaes.com.br\/?p=118745"},"modified":"2025-04-21T18:58:47","modified_gmt":"2025-04-21T21:58:47","slug":"pm-prende-suspeitos-e-recupera-bicicletas-roubadas","status":"publish","type":"post","link":"https:\/\/blogdoedvaldomagalhaes.com.br\/index.php\/2025\/04\/21\/pm-prende-suspeitos-e-recupera-bicicletas-roubadas\/","title":{"rendered":"PM prende suspeitos e recupera bicicletas roubadas"},"content":{"rendered":"<p>Policiais Militares do 19\u00baBPM prendem em flagrante por roubo dois homens, na noite de domingo(20\/4), no bairro do Pina. Durante rondas, o efetivo foi acionado por um transeunte, na Rua Tom\u00e9 Gibson, pr\u00f3ximo \u00e0 Via Mangue, informando sobre o roubo de uma bicicleta de um entregador por aplicativo, em Boa Viagem. Segundo contou, uma dupla foi vista com quatro bicicletas, com cada um dos suspeitos pedalando uma e rebocando outra. A equipe foi at\u00e9 o local e encontrou os envolvidos. Ao revist\u00e1-los, foram apreendidos as bicicletas, uma faca, um simulacro de pistola e dois celulares. Um deles foi reconhecido no pr\u00f3prio local por uma v\u00edtima e o outro, na Delegacia de Boa Viagem, para onde foram encaminhados.<br \/>\nSeja seguidor do Instagram do Blog pelo @blogdoedvaldomagalhaes<br \/>\nFoto: Divulga\u00e7\u00e3o\/PMPE <\/p>\n","protected":false},"excerpt":{"rendered":"<p>Policiais Militares do 19\u00baBPM prendem em flagrante por roubo dois homens, na noite de domingo(20\/4), no bairro do Pina. Durante&hellip;<\/p>\n","protected":false},"author":1,"featured_media":118746,"comment_status":"closed","ping_status":"open","sticky":false,"template":"","format":"standard","meta":{"footnotes":""},"categories":[14121],"tags":[30592,27410,2,28801],"class_list":["post-118745","post","type-post","status-publish","format-standard","has-post-thumbnail","hentry","category-policial","tag-blog-com-mais-seguidores","tag-blog-de-caruaru","tag-blog-do-edvaldo-magalhaes","tag-blog-mais-acessado"],"_links":{"self":[{"href":"https:\/\/blogdoedvaldomagalhaes.com.br\/index.php\/wp-json\/wp\/v2\/posts\/118745","targetHints":{"allow":["GET"]}}],"collection":[{"href":"https:\/\/blogdoedvaldomagalhaes.com.br\/index.php\/wp-json\/wp\/v2\/posts"}],"about":[{"href":"https:\/\/blogdoedvaldomagalhaes.com.br\/index.php\/wp-json\/wp\/v2\/types\/post"}],"author":[{"embeddable":true,"href":"https:\/\/blogdoedvaldomagalhaes.com.br\/index.php\/wp-json\/wp\/v2\/users\/1"}],"replies":[{"embeddable":true,"href":"https:\/\/blogdoedvaldomagalhaes.com.br\/index.php\/wp-json\/wp\/v2\/comments?post=118745"}],"version-history":[{"count":1,"href":"https:\/\/blogdoedvaldomagalhaes.com.br\/index.php\/wp-json\/wp\/v2\/posts\/118745\/revisions"}],"predecessor-version":[{"id":118747,"href":"https:\/\/blogdoedvaldomagalhaes.com.br\/index.php\/wp-json\/wp\/v2\/posts\/118745\/revisions\/118747"}],"wp:featuredmedia":[{"embeddable":true,"href":"https:\/\/blogdoedvaldomagalhaes.com.br\/index.php\/wp-json\/wp\/v2\/media\/118746"}],"wp:attachment":[{"href":"https:\/\/blogdoedvaldomagalhaes.com.br\/index.php\/wp-json\/wp\/v2\/media?parent=118745"}],"wp:term":[{"taxonomy":"category","embeddable":true,"href":"https:\/\/blogdoedvaldomagalhaes.com.br\/index.php\/wp-json\/wp\/v2\/categories?post=118745"},{"taxonomy":"post_tag","embeddable":true,"href":"https:\/\/blogdoedvaldomagalhaes.com.br\/index.php\/wp-json\/wp\/v2\/tags?post=118745"}],"curies":[{"name":"wp","href":"https:\/\/api.w.org\/{rel}","templated":true}]}}