{"id":118742,"date":"2025-04-21T18:50:46","date_gmt":"2025-04-21T21:50:46","guid":{"rendered":"https:\/\/blogdoedvaldomagalhaes.com.br\/?p=118742"},"modified":"2025-04-21T18:50:46","modified_gmt":"2025-04-21T21:50:46","slug":"caravana-da-saude-e-cidadania-sera-retomada-nesta-terca-feira-22-na-vila-lajes-em-caruaru","status":"publish","type":"post","link":"https:\/\/blogdoedvaldomagalhaes.com.br\/index.php\/2025\/04\/21\/caravana-da-saude-e-cidadania-sera-retomada-nesta-terca-feira-22-na-vila-lajes-em-caruaru\/","title":{"rendered":"Caravana da Sa\u00fade e Cidadania ser\u00e1 retomada nesta ter\u00e7a-feira (22), na Vila Lajes, em Caruaru"},"content":{"rendered":"<p>A Secretaria Municipal de Sa\u00fade de Caruaru (SMS), em parceria com diversas secretarias municipais, retoma nesta ter\u00e7a-feira (22) a Caravana da Sa\u00fade e Cidadania. A a\u00e7\u00e3o acontecer\u00e1 das 8h \u00e0s 12h, na Rua Conde da Boa Vista, no distrito de Lajes, localizado na zona rural do munic\u00edpio.<\/p>\n<p>A iniciativa tem como objetivo levar servi\u00e7os essenciais de sa\u00fade e cidadania \u00e0 popula\u00e7\u00e3o, promovendo acesso direto a atendimentos humanizados e gratuitos. Cerca de 200 pessoas dever\u00e3o ser beneficiadas com os servi\u00e7os oferecidos em cada localidade.<\/p>\n<p>Pela Secretaria de Sa\u00fade, estar\u00e3o dispon\u00edveis atendimentos m\u00e9dicos, vacina\u00e7\u00e3o, odontom\u00f3vel, farmam\u00f3vel, aferi\u00e7\u00e3o de press\u00e3o arterial e glicose, ultrassonografias, terapias integrativas (como auriculoterapia e ventosaterapia), al\u00e9m de a\u00e7\u00f5es educativas, controle de arboviroses e roedores, inspe\u00e7\u00f5es sanit\u00e1rias e testagens r\u00e1pidas para HIV, s\u00edfilis e hepatites.<\/p>\n<p>A Secretaria de Assist\u00eancia Social e Combate \u00e0 Fome (SAS) tamb\u00e9m participar\u00e1 com emiss\u00e3o de RG, orienta\u00e7\u00f5es sobre o Cad\u00danico, encaminhamentos para a Tarifa Social, servi\u00e7os do Escrit\u00f3rio Social do CNJ, orienta\u00e7\u00f5es para a Carteira do Idoso e atividades do Programa de Erradica\u00e7\u00e3o do Trabalho Infantil (AEPETI).<\/p>\n<p>J\u00e1 a Secretaria da Mulher (SEMU) marcar\u00e1 presen\u00e7a com a\u00e7\u00f5es de autocuidado, como design de sobrancelhas e auriculoterapia, al\u00e9m de cadastros para cursos de qualifica\u00e7\u00e3o profissional.<\/p>\n<p>A Secretaria de Servi\u00e7os P\u00fablicos (SESP) integrar\u00e1 a caravana com atendimento do Castra M\u00f3vel, doa\u00e7\u00e3o de mudas ornamentais e apoio da equipe de ilumina\u00e7\u00e3o p\u00fablica.<\/p>\n<p>Al\u00e9m dos servi\u00e7os de cidadania, sa\u00fade e bem-estar, a a\u00e7\u00e3o destaca os investimentos da Secretaria de Infraestrutura Urbana e Obras (SIURB) no distrito de Lajes, como a execu\u00e7\u00e3o da rede de esgotamento sanit\u00e1rio em diversas ruas, pavimenta\u00e7\u00e3o e drenagem no Beco de Lajes e Jacar\u00e9, al\u00e9m da pavimenta\u00e7\u00e3o da Rua Maria Guilhermina. Tamb\u00e9m est\u00e3o em andamento servi\u00e7os de manuten\u00e7\u00e3o de vias, pra\u00e7as e do sistema de esgoto local.<\/p>\n<p>A Caravana da Sa\u00fade e Cidadania percorrer\u00e1 toda a zona rural do munic\u00edpio entre os dias 22 de abril a 21 de maio, com o seguinte cronograma:<\/p>\n<p>Lajes \u2013 22 de abril;<br \/>\nVila do Rafael \u2013 23 de abril;<br \/>\nMalhada de Barreira Queimada \u2013 24 de abril;<br \/>\nJu\u00e1 \u2013 28 de abril;<br \/>\nGon\u00e7alves Ferreira \u2013 29 de abril<br \/>\nIta\u00fana \u2013 30 de abril;<br \/>\nCachoeira Seca \u2013 06 de maio;<br \/>\nXicuru \u2013 07 de maio;<br \/>\nMalhada de Pedra \u2013 08 de maio;<br \/>\nTerra Vermelha \u2013 13 de maio;<br \/>\nTaquara de Cima \u2013 14 de maio;<br \/>\nVila Peladas \u2013 20 de maio;<br \/>\nPau Santo \u2013 21 de maio.<br \/>\nSiga o Instagram do Blog pelo @blogdoedvaldomagalhaes<br \/>\nFoto: Divulga\u00e7\u00e3o\/Secom\/PMC <\/p>\n","protected":false},"excerpt":{"rendered":"<p>A Secretaria Municipal de Sa\u00fade de Caruaru (SMS), em parceria com diversas secretarias municipais, retoma nesta ter\u00e7a-feira (22) a Caravana&hellip;<\/p>\n","protected":false},"author":1,"featured_media":118743,"comment_status":"closed","ping_status":"open","sticky":false,"template":"","format":"standard","meta":{"footnotes":""},"categories":[14120],"tags":[29440,27410,13146,28801,33335,3406,33334],"class_list":["post-118742","post","type-post","status-publish","format-standard","has-post-thumbnail","hentry","category-noticias","tag-blog-com-mais-visualizacao","tag-blog-de-caruaru","tag-blog-edvaldo-magalhaes","tag-blog-mais-acessado","tag-caravana-da-saude-e-cidadania-sera-retomada-nesta-terca-feira-22","tag-caruaru","tag-no-distrito-de-lajes"],"_links":{"self":[{"href":"https:\/\/blogdoedvaldomagalhaes.com.br\/index.php\/wp-json\/wp\/v2\/posts\/118742","targetHints":{"allow":["GET"]}}],"collection":[{"href":"https:\/\/blogdoedvaldomagalhaes.com.br\/index.php\/wp-json\/wp\/v2\/posts"}],"about":[{"href":"https:\/\/blogdoedvaldomagalhaes.com.br\/index.php\/wp-json\/wp\/v2\/types\/post"}],"author":[{"embeddable":true,"href":"https:\/\/blogdoedvaldomagalhaes.com.br\/index.php\/wp-json\/wp\/v2\/users\/1"}],"replies":[{"embeddable":true,"href":"https:\/\/blogdoedvaldomagalhaes.com.br\/index.php\/wp-json\/wp\/v2\/comments?post=118742"}],"version-history":[{"count":1,"href":"https:\/\/blogdoedvaldomagalhaes.com.br\/index.php\/wp-json\/wp\/v2\/posts\/118742\/revisions"}],"predecessor-version":[{"id":118744,"href":"https:\/\/blogdoedvaldomagalhaes.com.br\/index.php\/wp-json\/wp\/v2\/posts\/118742\/revisions\/118744"}],"wp:featuredmedia":[{"embeddable":true,"href":"https:\/\/blogdoedvaldomagalhaes.com.br\/index.php\/wp-json\/wp\/v2\/media\/118743"}],"wp:attachment":[{"href":"https:\/\/blogdoedvaldomagalhaes.com.br\/index.php\/wp-json\/wp\/v2\/media?parent=118742"}],"wp:term":[{"taxonomy":"category","embeddable":true,"href":"https:\/\/blogdoedvaldomagalhaes.com.br\/index.php\/wp-json\/wp\/v2\/categories?post=118742"},{"taxonomy":"post_tag","embeddable":true,"href":"https:\/\/blogdoedvaldomagalhaes.com.br\/index.php\/wp-json\/wp\/v2\/tags?post=118742"}],"curies":[{"name":"wp","href":"https:\/\/api.w.org\/{rel}","templated":true}]}}